{"id":5629,"date":"2016-06-21T19:20:25","date_gmt":"2016-06-21T22:20:25","guid":{"rendered":"https:\/\/eldiariodesanpedro.com.ar\/sitio\/?p=5629"},"modified":"2016-06-21T19:20:25","modified_gmt":"2016-06-21T22:20:25","slug":"insolito-un-abusador-con-prision-domiciliaria-participo-del-acto-del-dia-de-la-bandera","status":"publish","type":"post","link":"https:\/\/eldiariodesanpedro.com.ar\/sitio\/insolito-un-abusador-con-prision-domiciliaria-participo-del-acto-del-dia-de-la-bandera\/","title":{"rendered":"Ins\u00f3lito: Un abusador con prisi\u00f3n domiciliaria particip\u00f3 del acto del D\u00eda de la Bandera"},"content":{"rendered":"<p><!-- VideographyWP Plugin Message: Automatic video embedding prevented by plugin options. --><br \/>\nEst\u00e1 claro que el control del sistema de prisi\u00f3n domiciliaria en la provincia de Buenos Aires pr\u00e1cticamente es casi nulo. A diario vemos c\u00f3mo la polic\u00eda vuelve a detener a personas que infringen la norma y transitan por la v\u00eda p\u00fablica con total libertad.<br \/>\nUn claro ejemplo de ello es la participaci\u00f3n de H\u00e9ctor Paz en el acto del D\u00eda de la Bandera realizado en la plaza Belgrano.<br \/>\nEl a\u00f1o pasado, en el mes de julio, Paz hab\u00eda sido detenido acusado de abusar sexualmente de un menor de 11 a\u00f1os. Sin embargo, por su avanzada edad, la ley marca que puede cumplir la sanci\u00f3n en forma de arresto en su vivienda. En ese entonces, se encontr\u00f3 en un allanamiento todo tipo de elementos probatorios que implicaban aberraciones sexuales indescriptibles.<br \/>\nSu presencia en el acto caus\u00f3 indignaci\u00f3n para quienes lo reconocieron tras la publicaci\u00f3n de fotos en la redes sociales.<\/p>\n","protected":false},"excerpt":{"rendered":"<p>Est\u00e1 claro que el control del sistema de prisi\u00f3n domiciliaria en la provincia de Buenos Aires pr\u00e1cticamente es casi nulo. A diario vemos c\u00f3mo la polic\u00eda vuelve a detener a personas que infringen la norma y transitan por la v\u00eda p\u00fablica con total libertad. Un claro ejemplo de ello es la participaci\u00f3n de H\u00e9ctor Paz [&hellip;]<\/p>\n","protected":false},"author":4,"featured_media":5630,"comment_status":"open","ping_status":"closed","sticky":false,"template":"","format":"standard","meta":{"om_disable_all_campaigns":false,"_jetpack_memberships_contains_paid_content":false,"footnotes":""},"categories":[50,101,2],"tags":[],"class_list":["post-5629","post","type-post","status-publish","format-standard","has-post-thumbnail","hentry","category-destacadas","category-interes-general-locales","category-locales"],"aioseo_notices":[],"gutentor_comment":0,"jetpack_featured_media_url":"https:\/\/eldiariodesanpedro.com.ar\/sitio\/wp-content\/uploads\/2016\/06\/PAGINA-3-1-1.jpg","jetpack_shortlink":"https:\/\/wp.me\/p6RhLt-1sN","jetpack_sharing_enabled":true,"_links":{"self":[{"href":"https:\/\/eldiariodesanpedro.com.ar\/sitio\/wp-json\/wp\/v2\/posts\/5629","targetHints":{"allow":["GET"]}}],"collection":[{"href":"https:\/\/eldiariodesanpedro.com.ar\/sitio\/wp-json\/wp\/v2\/posts"}],"about":[{"href":"https:\/\/eldiariodesanpedro.com.ar\/sitio\/wp-json\/wp\/v2\/types\/post"}],"author":[{"embeddable":true,"href":"https:\/\/eldiariodesanpedro.com.ar\/sitio\/wp-json\/wp\/v2\/users\/4"}],"replies":[{"embeddable":true,"href":"https:\/\/eldiariodesanpedro.com.ar\/sitio\/wp-json\/wp\/v2\/comments?post=5629"}],"version-history":[{"count":1,"href":"https:\/\/eldiariodesanpedro.com.ar\/sitio\/wp-json\/wp\/v2\/posts\/5629\/revisions"}],"predecessor-version":[{"id":5631,"href":"https:\/\/eldiariodesanpedro.com.ar\/sitio\/wp-json\/wp\/v2\/posts\/5629\/revisions\/5631"}],"wp:featuredmedia":[{"embeddable":true,"href":"https:\/\/eldiariodesanpedro.com.ar\/sitio\/wp-json\/wp\/v2\/media\/5630"}],"wp:attachment":[{"href":"https:\/\/eldiariodesanpedro.com.ar\/sitio\/wp-json\/wp\/v2\/media?parent=5629"}],"wp:term":[{"taxonomy":"category","embeddable":true,"href":"https:\/\/eldiariodesanpedro.com.ar\/sitio\/wp-json\/wp\/v2\/categories?post=5629"},{"taxonomy":"post_tag","embeddable":true,"href":"https:\/\/eldiariodesanpedro.com.ar\/sitio\/wp-json\/wp\/v2\/tags?post=5629"}],"curies":[{"name":"wp","href":"https:\/\/api.w.org\/{rel}","templated":true}]}}