{"id":5627,"date":"2016-06-21T19:19:24","date_gmt":"2016-06-21T22:19:24","guid":{"rendered":"https:\/\/eldiariodesanpedro.com.ar\/sitio\/?p=5627"},"modified":"2016-06-21T19:19:24","modified_gmt":"2016-06-21T22:19:24","slug":"dos-personas-accidentadas-en-una-moto","status":"publish","type":"post","link":"https:\/\/eldiariodesanpedro.com.ar\/sitio\/dos-personas-accidentadas-en-una-moto\/","title":{"rendered":"Dos personas accidentadas en una moto"},"content":{"rendered":"<p><!-- VideographyWP Plugin Message: Automatic video embedding prevented by plugin options. --><br \/>\nEl siniestro ocurri\u00f3 ayer en Bartolom\u00e9 Mitre al 3000. Un motociclista, de unos 59 a\u00f1os de edad, que manejaba alcoholizado perdi\u00f3 el control de su veh\u00edculo.<br \/>\nComo consecuencia de ello, junto a su acompa\u00f1ante, cayeron a la cinta asf\u00e1ltica. Este \u00faltimo, una persona de 36 a\u00f1os, golpe\u00f3 su rostro contra el asfalto, lo que le provoc\u00f3 una herida sangrante.<br \/>\nPor ese motivo, fue trasladado por la ambulancia del Servicio de Emergencias 107 de la guardia del Hospital, mientras que la otra persona se neg\u00f3 a ser asistida.<br \/>\nEl m\u00e9dico de Polic\u00eda determin\u00f3 las lesiones sufridas por el acompa\u00f1ante eran de car\u00e1cter leve. En tanto, personal policial le tom\u00f3 declaraci\u00f3n testimonial debido a que el conductor se encontraba en estado de ebriedad.<br \/>\nEl rodado fue secuestrado por personal de Inspecci\u00f3n e intervino la UFI N\u00ba 11.<\/p>\n","protected":false},"excerpt":{"rendered":"<p>El siniestro ocurri\u00f3 ayer en Bartolom\u00e9 Mitre al 3000. Un motociclista, de unos 59 a\u00f1os de edad, que manejaba alcoholizado perdi\u00f3 el control de su veh\u00edculo. Como consecuencia de ello, junto a su acompa\u00f1ante, cayeron a la cinta asf\u00e1ltica. Este \u00faltimo, una persona de 36 a\u00f1os, golpe\u00f3 su rostro contra el asfalto, lo que le [&hellip;]<\/p>\n","protected":false},"author":4,"featured_media":5381,"comment_status":"open","ping_status":"closed","sticky":false,"template":"","format":"standard","meta":{"om_disable_all_campaigns":false,"_jetpack_memberships_contains_paid_content":false,"footnotes":""},"categories":[50,2,103],"tags":[],"class_list":["post-5627","post","type-post","status-publish","format-standard","has-post-thumbnail","hentry","category-destacadas","category-locales","category-policiales-locales"],"aioseo_notices":[],"gutentor_comment":0,"jetpack_featured_media_url":"https:\/\/eldiariodesanpedro.com.ar\/sitio\/wp-content\/uploads\/2016\/06\/ambulancia_san_pedro.jpg","jetpack_shortlink":"https:\/\/wp.me\/p6RhLt-1sL","jetpack_sharing_enabled":true,"_links":{"self":[{"href":"https:\/\/eldiariodesanpedro.com.ar\/sitio\/wp-json\/wp\/v2\/posts\/5627","targetHints":{"allow":["GET"]}}],"collection":[{"href":"https:\/\/eldiariodesanpedro.com.ar\/sitio\/wp-json\/wp\/v2\/posts"}],"about":[{"href":"https:\/\/eldiariodesanpedro.com.ar\/sitio\/wp-json\/wp\/v2\/types\/post"}],"author":[{"embeddable":true,"href":"https:\/\/eldiariodesanpedro.com.ar\/sitio\/wp-json\/wp\/v2\/users\/4"}],"replies":[{"embeddable":true,"href":"https:\/\/eldiariodesanpedro.com.ar\/sitio\/wp-json\/wp\/v2\/comments?post=5627"}],"version-history":[{"count":1,"href":"https:\/\/eldiariodesanpedro.com.ar\/sitio\/wp-json\/wp\/v2\/posts\/5627\/revisions"}],"predecessor-version":[{"id":5628,"href":"https:\/\/eldiariodesanpedro.com.ar\/sitio\/wp-json\/wp\/v2\/posts\/5627\/revisions\/5628"}],"wp:featuredmedia":[{"embeddable":true,"href":"https:\/\/eldiariodesanpedro.com.ar\/sitio\/wp-json\/wp\/v2\/media\/5381"}],"wp:attachment":[{"href":"https:\/\/eldiariodesanpedro.com.ar\/sitio\/wp-json\/wp\/v2\/media?parent=5627"}],"wp:term":[{"taxonomy":"category","embeddable":true,"href":"https:\/\/eldiariodesanpedro.com.ar\/sitio\/wp-json\/wp\/v2\/categories?post=5627"},{"taxonomy":"post_tag","embeddable":true,"href":"https:\/\/eldiariodesanpedro.com.ar\/sitio\/wp-json\/wp\/v2\/tags?post=5627"}],"curies":[{"name":"wp","href":"https:\/\/api.w.org\/{rel}","templated":true}]}}