{"id":56269,"date":"2019-07-17T12:17:15","date_gmt":"2019-07-17T15:17:15","guid":{"rendered":"https:\/\/eldiariodesanpedro.com.ar\/sitio\/?p=56269"},"modified":"2019-07-17T12:17:19","modified_gmt":"2019-07-17T15:17:19","slug":"un-seguridad-de-la-ex-coplac-lesionado-por-un-delincuente","status":"publish","type":"post","link":"https:\/\/eldiariodesanpedro.com.ar\/sitio\/un-seguridad-de-la-ex-coplac-lesionado-por-un-delincuente\/","title":{"rendered":"Un seguridad de la ex COPLAC lesionado por un delincuente"},"content":{"rendered":"<!-- VideographyWP Plugin Message: Automatic video embedding prevented by plugin options. -->\n\n<p>Durante la madrugada del martes un m\u00f3vil de la polic\u00eda se debi\u00f3 hacer presente en los galpones de la ex empresa COPLAC tras el llamado de un hombre de 52 a\u00f1os empleado de seguridad quien se encuentra custodiando el lugar, que en circunstancias realizaba una ronda por el predio ubicado en calle Crucero General Belgrano e Independencia, en la oscuridad fue atacado por un delincuente, con quien forceje\u00f3, resultando lesionado en antebrazo derecho con corte superficial constatadas por m\u00e9dico de guardia como lesiones leves. <\/p>\n","protected":false},"excerpt":{"rendered":"<p>Durante la madrugada del martes un m\u00f3vil de la polic\u00eda se debi\u00f3 hacer presente en los galpones de la ex empresa COPLAC tras el llamado de un hombre de 52 a\u00f1os empleado de seguridad quien se encuentra custodiando el lugar, que en circunstancias realizaba una ronda por el predio ubicado en calle Crucero General Belgrano [&hellip;]<\/p>\n","protected":false},"author":4,"featured_media":13024,"comment_status":"open","ping_status":"closed","sticky":false,"template":"","format":"standard","meta":{"om_disable_all_campaigns":false,"_jetpack_memberships_contains_paid_content":false,"footnotes":""},"categories":[2,103],"tags":[],"class_list":["post-56269","post","type-post","status-publish","format-standard","has-post-thumbnail","hentry","category-locales","category-policiales-locales"],"aioseo_notices":[],"gutentor_comment":0,"jetpack_featured_media_url":"https:\/\/eldiariodesanpedro.com.ar\/sitio\/wp-content\/uploads\/2017\/01\/coplac.jpg","jetpack_shortlink":"https:\/\/wp.me\/p6RhLt-eDz","jetpack_sharing_enabled":true,"_links":{"self":[{"href":"https:\/\/eldiariodesanpedro.com.ar\/sitio\/wp-json\/wp\/v2\/posts\/56269","targetHints":{"allow":["GET"]}}],"collection":[{"href":"https:\/\/eldiariodesanpedro.com.ar\/sitio\/wp-json\/wp\/v2\/posts"}],"about":[{"href":"https:\/\/eldiariodesanpedro.com.ar\/sitio\/wp-json\/wp\/v2\/types\/post"}],"author":[{"embeddable":true,"href":"https:\/\/eldiariodesanpedro.com.ar\/sitio\/wp-json\/wp\/v2\/users\/4"}],"replies":[{"embeddable":true,"href":"https:\/\/eldiariodesanpedro.com.ar\/sitio\/wp-json\/wp\/v2\/comments?post=56269"}],"version-history":[{"count":1,"href":"https:\/\/eldiariodesanpedro.com.ar\/sitio\/wp-json\/wp\/v2\/posts\/56269\/revisions"}],"predecessor-version":[{"id":56270,"href":"https:\/\/eldiariodesanpedro.com.ar\/sitio\/wp-json\/wp\/v2\/posts\/56269\/revisions\/56270"}],"wp:featuredmedia":[{"embeddable":true,"href":"https:\/\/eldiariodesanpedro.com.ar\/sitio\/wp-json\/wp\/v2\/media\/13024"}],"wp:attachment":[{"href":"https:\/\/eldiariodesanpedro.com.ar\/sitio\/wp-json\/wp\/v2\/media?parent=56269"}],"wp:term":[{"taxonomy":"category","embeddable":true,"href":"https:\/\/eldiariodesanpedro.com.ar\/sitio\/wp-json\/wp\/v2\/categories?post=56269"},{"taxonomy":"post_tag","embeddable":true,"href":"https:\/\/eldiariodesanpedro.com.ar\/sitio\/wp-json\/wp\/v2\/tags?post=56269"}],"curies":[{"name":"wp","href":"https:\/\/api.w.org\/{rel}","templated":true}]}}