{"id":56261,"date":"2019-07-17T10:30:42","date_gmt":"2019-07-17T13:30:42","guid":{"rendered":"https:\/\/eldiariodesanpedro.com.ar\/sitio\/?p=56261"},"modified":"2019-07-17T10:30:47","modified_gmt":"2019-07-17T13:30:47","slug":"baradero-cronograma-de-actividades-en-el-marco-del-404-aniversario-de-la-fundacion","status":"publish","type":"post","link":"https:\/\/eldiariodesanpedro.com.ar\/sitio\/baradero-cronograma-de-actividades-en-el-marco-del-404-aniversario-de-la-fundacion\/","title":{"rendered":"BARADERO: Cronograma de actividades en el marco del 404\u00b0 Aniversario de la Fundaci\u00f3n"},"content":{"rendered":"<!-- VideographyWP Plugin Message: Automatic video embedding prevented by plugin options. -->\n\n<p>Desde el s\u00e1bado 20 hasta el domingo 28 de julio, el municipio concretar\u00e1 actividades para celebrar los 404 a\u00f1os de Baradero. \u00a1Compartimos la extensa e imponente grilla de actividades que se aproxima!<\/p>\n\n\n\n<p><strong>S\u00e1bado 20 de julio<\/strong><br><strong>\u25ba Visita guiada \u201cEspecial Masones\u201d |\u00a0<\/strong>14:30 horas en el Cementerio Local<br><strong>\u25ba Recital Del Encuentro |\u00a0<\/strong>20:30 horas en la Casa Suiza | Organiza Agrupaci\u00f3n Coral Baradero<\/p>\n\n\n\n<p><strong>Jueves 25 de julio<\/strong><br><strong>\u25ba Ofrenda Floral en Monumento a Hernandarias |\u00a0<\/strong>9:30 horas en Saavedra y Ameghino<br>\u25ba\u00a0<strong>Misa Aniversario |\u00a0<\/strong>Presidida por el obispo Pedro Laxague | 10:00 horas | Parroquia Santiago Ap\u00f3stol (Anchorena y Rodr\u00edguez)<br>\u25ba\u00a0<strong>Acto y desfile oficial de los 404 a\u00f1os de Baradero |\u00a0<\/strong>11:00 horas en Plaza Mitre<br>\u25ba\u00a0<strong>Actuaci\u00f3n de la banda local Mula Plateada |\u00a0<\/strong>15:00 horas | Plaza Col\u00f3n<br>\u25ba\u00a0<strong>Actuaci\u00f3n de la banda local Quemando Reggae |\u00a0<\/strong>16:15 horas | Plaza Col\u00f3n<\/p>\n\n\n\n<p><strong>Viernes 26 de julio<\/strong><br>\u25ba\u00a0<strong>Entrega de la Orden del Baradero |\u00a0<\/strong>Con la actuaci\u00f3n del Ballet Municipal \u201cSixto Palavecino\u201d, el cuerpo de bombos \u201cRenacer de Mi Pueblo\u201d y la Agrupaci\u00f3n Coral Baradero | 20:30 horas en el Centro Cultural \u201cArturo Umberto Illia\u201d (Anchorena y Malabia)<br>\u25ba\u00a0<strong>Orquesta de Tango |\u00a0<\/strong>Homenaje a Piazzola | 22:00 horas en el Centro Cultural \u201cArturo Umberto Illia\u201d<br>\u25ba\u00a0<strong>Actuaci\u00f3n del D\u00fao Carmelo Pantale\u00f3n |\u00a0<\/strong>22:00 horas en el Centro Cultural \u201cArturo Umberto Illia\u201d<\/p>\n\n\n\n<p><strong>S\u00e1bado 27 de julio<\/strong><br><strong>\u25ba La Nueva Luna y Facundo Misenti |\u00a0<\/strong>15:00 horas | Plaza Col\u00f3n<br>\u25ba\u00a0<strong>Actuaci\u00f3n de la banda local BARRO y cierre de la Mississippi con su gira \u201c30 a\u00f1os\u201d\u00a0<\/strong>| 20:30 horas en el Cine Teatro Col\u00f3n<\/p>\n\n\n\n<p><strong>Domingo 28 de julio<\/strong><br><strong>\u25ba Expo \u201cAtelier Yasm\u00edn P\u00e9rez\u201d |\u00a0<\/strong>Plaza Col\u00f3n<br>\u25ba\u00a0<strong>Actuaci\u00f3n de Los del Portezuelo \u2013 Kaymanta y Grupo Ceniza |<\/strong>\u00a014:30 horas en la Plaza Col\u00f3n<\/p>\n\n\n\n<p><strong>Desde el jueves 25 hasta el domingo 28<\/strong><br>\u25ba\u00a0<strong>Feria gastron\u00f3mica, artesanos y emprendedores | M\u00fasica en vivo y juegos |\u00a0<\/strong>Plaza Col\u00f3n<\/p>\n","protected":false},"excerpt":{"rendered":"<p>Desde el s\u00e1bado 20 hasta el domingo 28 de julio, el municipio concretar\u00e1 actividades para celebrar los 404 a\u00f1os de Baradero. \u00a1Compartimos la extensa e imponente grilla de actividades que se aproxima! S\u00e1bado 20 de julio\u25ba Visita guiada \u201cEspecial Masones\u201d |\u00a014:30 horas en el Cementerio Local\u25ba Recital Del Encuentro |\u00a020:30 horas en la Casa Suiza [&hellip;]<\/p>\n","protected":false},"author":4,"featured_media":56263,"comment_status":"open","ping_status":"closed","sticky":false,"template":"","format":"standard","meta":{"om_disable_all_campaigns":false,"_jetpack_memberships_contains_paid_content":false,"footnotes":""},"categories":[621],"tags":[],"class_list":["post-56261","post","type-post","status-publish","format-standard","has-post-thumbnail","hentry","category-regionales"],"aioseo_notices":[],"gutentor_comment":0,"jetpack_featured_media_url":"https:\/\/eldiariodesanpedro.com.ar\/sitio\/wp-content\/uploads\/2019\/07\/desfile-Redes-640x480.jpg","jetpack_shortlink":"https:\/\/wp.me\/p6RhLt-eDr","jetpack_sharing_enabled":true,"_links":{"self":[{"href":"https:\/\/eldiariodesanpedro.com.ar\/sitio\/wp-json\/wp\/v2\/posts\/56261","targetHints":{"allow":["GET"]}}],"collection":[{"href":"https:\/\/eldiariodesanpedro.com.ar\/sitio\/wp-json\/wp\/v2\/posts"}],"about":[{"href":"https:\/\/eldiariodesanpedro.com.ar\/sitio\/wp-json\/wp\/v2\/types\/post"}],"author":[{"embeddable":true,"href":"https:\/\/eldiariodesanpedro.com.ar\/sitio\/wp-json\/wp\/v2\/users\/4"}],"replies":[{"embeddable":true,"href":"https:\/\/eldiariodesanpedro.com.ar\/sitio\/wp-json\/wp\/v2\/comments?post=56261"}],"version-history":[{"count":1,"href":"https:\/\/eldiariodesanpedro.com.ar\/sitio\/wp-json\/wp\/v2\/posts\/56261\/revisions"}],"predecessor-version":[{"id":56264,"href":"https:\/\/eldiariodesanpedro.com.ar\/sitio\/wp-json\/wp\/v2\/posts\/56261\/revisions\/56264"}],"wp:featuredmedia":[{"embeddable":true,"href":"https:\/\/eldiariodesanpedro.com.ar\/sitio\/wp-json\/wp\/v2\/media\/56263"}],"wp:attachment":[{"href":"https:\/\/eldiariodesanpedro.com.ar\/sitio\/wp-json\/wp\/v2\/media?parent=56261"}],"wp:term":[{"taxonomy":"category","embeddable":true,"href":"https:\/\/eldiariodesanpedro.com.ar\/sitio\/wp-json\/wp\/v2\/categories?post=56261"},{"taxonomy":"post_tag","embeddable":true,"href":"https:\/\/eldiariodesanpedro.com.ar\/sitio\/wp-json\/wp\/v2\/tags?post=56261"}],"curies":[{"name":"wp","href":"https:\/\/api.w.org\/{rel}","templated":true}]}}