{"id":56258,"date":"2019-07-17T10:22:21","date_gmt":"2019-07-17T13:22:21","guid":{"rendered":"https:\/\/eldiariodesanpedro.com.ar\/sitio\/?p=56258"},"modified":"2019-07-17T10:22:25","modified_gmt":"2019-07-17T13:22:25","slug":"baradero-sosa-salio-de-la-nada-y-me-la-lleve-puesta-y-habia-como-veinte-mas-sueltas","status":"publish","type":"post","link":"https:\/\/eldiariodesanpedro.com.ar\/sitio\/baradero-sosa-salio-de-la-nada-y-me-la-lleve-puesta-y-habia-como-veinte-mas-sueltas\/","title":{"rendered":"BARADERO | Sosa: \u201cSali\u00f3 de la nada y me la llev\u00e9 puesta y hab\u00eda como veinte m\u00e1s sueltas\u201d"},"content":{"rendered":"<!-- VideographyWP Plugin Message: Automatic video embedding prevented by plugin options. -->\n\n<p>Cerca de las 20 horas del \u00faltimo lunes, Jorge Sosa, proven\u00eda de Alsina con su auto cuando a la altura de la empresa Quickfood, una vaca se le cruza en el camino lo que provoco el impacto inmediato y la destrucci\u00f3n de parte de su auto. En LS2 RADIO 96.9, el conductor confirm\u00f3 el hecho y cont\u00f3 c\u00f3mo lo vivi\u00f3.<\/p>\n\n\n\n<p>\u201cHab\u00eda llevado una medicaci\u00f3n, venia despacio, y de la nada me sali\u00f3 una vaca y me la lleve puesta\u201d<\/p>\n\n\n\n<p>\u201cAlcanc\u00e9 a volantear sino se me mete adentro\u201d<\/p>\n\n\n\n<p> \u201cGracias a Dios no me pas\u00f3 nada, pero siempre con esa negligencia de largar animales\u201d<\/p>\n\n\n\n<p> \u201cHab\u00eda como veinte vacas sueltas\u201d<\/p>\n\n\n\n<p>\u201cLa impotencia es que, si llega a venir una familia, imag\u00ednate\u201d<\/p>\n\n\n\n<p>Fuente: Baradero Hoy<\/p>\n","protected":false},"excerpt":{"rendered":"<p>Cerca de las 20 horas del \u00faltimo lunes, Jorge Sosa, proven\u00eda de Alsina con su auto cuando a la altura de la empresa Quickfood, una vaca se le cruza en el camino lo que provoco el impacto inmediato y la destrucci\u00f3n de parte de su auto. En LS2 RADIO 96.9, el conductor confirm\u00f3 el hecho [&hellip;]<\/p>\n","protected":false},"author":4,"featured_media":56259,"comment_status":"open","ping_status":"closed","sticky":false,"template":"","format":"standard","meta":{"om_disable_all_campaigns":false,"_jetpack_memberships_contains_paid_content":false,"footnotes":""},"categories":[621],"tags":[],"class_list":["post-56258","post","type-post","status-publish","format-standard","has-post-thumbnail","hentry","category-regionales"],"aioseo_notices":[],"gutentor_comment":0,"jetpack_featured_media_url":"https:\/\/eldiariodesanpedro.com.ar\/sitio\/wp-content\/uploads\/2019\/07\/WhatsApp-Image-2019-07-15-at-23.12.27.jpeg","jetpack_shortlink":"https:\/\/wp.me\/p6RhLt-eDo","jetpack_sharing_enabled":true,"_links":{"self":[{"href":"https:\/\/eldiariodesanpedro.com.ar\/sitio\/wp-json\/wp\/v2\/posts\/56258","targetHints":{"allow":["GET"]}}],"collection":[{"href":"https:\/\/eldiariodesanpedro.com.ar\/sitio\/wp-json\/wp\/v2\/posts"}],"about":[{"href":"https:\/\/eldiariodesanpedro.com.ar\/sitio\/wp-json\/wp\/v2\/types\/post"}],"author":[{"embeddable":true,"href":"https:\/\/eldiariodesanpedro.com.ar\/sitio\/wp-json\/wp\/v2\/users\/4"}],"replies":[{"embeddable":true,"href":"https:\/\/eldiariodesanpedro.com.ar\/sitio\/wp-json\/wp\/v2\/comments?post=56258"}],"version-history":[{"count":1,"href":"https:\/\/eldiariodesanpedro.com.ar\/sitio\/wp-json\/wp\/v2\/posts\/56258\/revisions"}],"predecessor-version":[{"id":56260,"href":"https:\/\/eldiariodesanpedro.com.ar\/sitio\/wp-json\/wp\/v2\/posts\/56258\/revisions\/56260"}],"wp:featuredmedia":[{"embeddable":true,"href":"https:\/\/eldiariodesanpedro.com.ar\/sitio\/wp-json\/wp\/v2\/media\/56259"}],"wp:attachment":[{"href":"https:\/\/eldiariodesanpedro.com.ar\/sitio\/wp-json\/wp\/v2\/media?parent=56258"}],"wp:term":[{"taxonomy":"category","embeddable":true,"href":"https:\/\/eldiariodesanpedro.com.ar\/sitio\/wp-json\/wp\/v2\/categories?post=56258"},{"taxonomy":"post_tag","embeddable":true,"href":"https:\/\/eldiariodesanpedro.com.ar\/sitio\/wp-json\/wp\/v2\/tags?post=56258"}],"curies":[{"name":"wp","href":"https:\/\/api.w.org\/{rel}","templated":true}]}}