{"id":56254,"date":"2019-07-17T10:12:47","date_gmt":"2019-07-17T13:12:47","guid":{"rendered":"https:\/\/eldiariodesanpedro.com.ar\/sitio\/?p=56254"},"modified":"2019-07-17T10:12:51","modified_gmt":"2019-07-17T13:12:51","slug":"campana-dos-accidentes-en-la-panamericana-con-un-kilometro-de-diferencia","status":"publish","type":"post","link":"https:\/\/eldiariodesanpedro.com.ar\/sitio\/campana-dos-accidentes-en-la-panamericana-con-un-kilometro-de-diferencia\/","title":{"rendered":"CAMPANA: Dos accidentes en la Panamericana con un kil\u00f3metro de diferencia"},"content":{"rendered":"<!-- VideographyWP Plugin Message: Automatic video embedding prevented by plugin options. -->\n\n<p>Y tan solo unos minutos entre uno y otro. El primer hecho, un auto fue encerrado por una camioneta volcando sobre el Km 75. La conductora del veh\u00edculo fue hospitalizada con algunos golpes. Peor fue el saldo para una motociclista, la cual una hora despu\u00e9s y sobre el Km 74, termin\u00f3 debajo de un auto que perdi\u00f3 el control e impact\u00f3 primero contra el guard rail. La v\u00edctima fue hospitalizada con lesiones de consideraci\u00f3n. <\/p>\n\n\n\n<p>\n\nLa Ruta 9, en territorio campanense, fue escenario ayer de dos accidentes muy cercanos, tanto en tiempo como en ubicaci\u00f3n.<\/p>\n\n\n\n<p>El primero de los hechos tuvo lugar cerca de las 11:20 hs., a la altura de la calle Col\u00f3n y sobre el Km 75 sentido a Provincia, cuando un autom\u00f3vil Ford Focus es encerrado y \u201crozado\u201d por una camioneta (la cual no se detuvo).<\/p>\n\n\n\n<p>El veh\u00edculo realiz\u00f3 varios trompos y golpe\u00f3 contra el guard rail, tal como lo muestra un video del CIMoPU.La conductora del auto sufri\u00f3 algunas lesiones menores, siendo conducida por precauci\u00f3n al hospital local por el m\u00f3vil 3 del Same.<\/p>\n\n\n\n<p>Se hicieron presentes en el lugar el m\u00f3vil zona 5 del CP, Defensa Civil y personal de la concesionaria de la ruta.<\/p>\n\n\n\n<p>No obstante, casi una hora despu\u00e9s y un kil\u00f3metro atr\u00e1s (74), sobre la misma mano, y a unos cien metros de la pasarela de barrio Del Pino, un autom\u00f3vil marca Fiat Uno que se dirig\u00eda sentido hacia Rosario, pierde el control y tambi\u00e9n choca contra el guard rail. Al salir despedido, el veh\u00edculo impacta a una moto Guerrero 125 cc. que circulaba en la misma direcci\u00f3n.<\/p>\n\n\n\n<p>La motociclista (de nombre Mar\u00eda) sufri\u00f3 varias lesiones de consideraci\u00f3n. Incluso, testigos aseguran que el auto la pas\u00f3 por encima. Por tal motivo, al lugar arrib\u00f3 el m\u00f3vil 1 del Same, a cargo del Dr. Cabrera, quien la traslad\u00f3 de urgencia al hospital local.<\/p>\n\n\n\n<p>En esta oportunidad actuaron el m\u00f3vil zona 7 del CP local, un m\u00f3vil de gendarmer\u00eda y personal de autopistas. <\/p>\n\n\n\n<p>Fuente: Campana Noticias<\/p>\n","protected":false},"excerpt":{"rendered":"<p>Y tan solo unos minutos entre uno y otro. El primer hecho, un auto fue encerrado por una camioneta volcando sobre el Km 75. La conductora del veh\u00edculo fue hospitalizada con algunos golpes. Peor fue el saldo para una motociclista, la cual una hora despu\u00e9s y sobre el Km 74, termin\u00f3 debajo de un auto [&hellip;]<\/p>\n","protected":false},"author":4,"featured_media":56256,"comment_status":"open","ping_status":"closed","sticky":false,"template":"","format":"standard","meta":{"om_disable_all_campaigns":false,"_jetpack_memberships_contains_paid_content":false,"footnotes":""},"categories":[621],"tags":[],"class_list":["post-56254","post","type-post","status-publish","format-standard","has-post-thumbnail","hentry","category-regionales"],"aioseo_notices":[],"gutentor_comment":0,"jetpack_featured_media_url":"https:\/\/eldiariodesanpedro.com.ar\/sitio\/wp-content\/uploads\/2019\/07\/20190716095537-1.jpg","jetpack_shortlink":"https:\/\/wp.me\/p6RhLt-eDk","jetpack_sharing_enabled":true,"_links":{"self":[{"href":"https:\/\/eldiariodesanpedro.com.ar\/sitio\/wp-json\/wp\/v2\/posts\/56254","targetHints":{"allow":["GET"]}}],"collection":[{"href":"https:\/\/eldiariodesanpedro.com.ar\/sitio\/wp-json\/wp\/v2\/posts"}],"about":[{"href":"https:\/\/eldiariodesanpedro.com.ar\/sitio\/wp-json\/wp\/v2\/types\/post"}],"author":[{"embeddable":true,"href":"https:\/\/eldiariodesanpedro.com.ar\/sitio\/wp-json\/wp\/v2\/users\/4"}],"replies":[{"embeddable":true,"href":"https:\/\/eldiariodesanpedro.com.ar\/sitio\/wp-json\/wp\/v2\/comments?post=56254"}],"version-history":[{"count":1,"href":"https:\/\/eldiariodesanpedro.com.ar\/sitio\/wp-json\/wp\/v2\/posts\/56254\/revisions"}],"predecessor-version":[{"id":56257,"href":"https:\/\/eldiariodesanpedro.com.ar\/sitio\/wp-json\/wp\/v2\/posts\/56254\/revisions\/56257"}],"wp:featuredmedia":[{"embeddable":true,"href":"https:\/\/eldiariodesanpedro.com.ar\/sitio\/wp-json\/wp\/v2\/media\/56256"}],"wp:attachment":[{"href":"https:\/\/eldiariodesanpedro.com.ar\/sitio\/wp-json\/wp\/v2\/media?parent=56254"}],"wp:term":[{"taxonomy":"category","embeddable":true,"href":"https:\/\/eldiariodesanpedro.com.ar\/sitio\/wp-json\/wp\/v2\/categories?post=56254"},{"taxonomy":"post_tag","embeddable":true,"href":"https:\/\/eldiariodesanpedro.com.ar\/sitio\/wp-json\/wp\/v2\/tags?post=56254"}],"curies":[{"name":"wp","href":"https:\/\/api.w.org\/{rel}","templated":true}]}}