{"id":56251,"date":"2019-07-17T10:07:52","date_gmt":"2019-07-17T13:07:52","guid":{"rendered":"https:\/\/eldiariodesanpedro.com.ar\/sitio\/?p=56251"},"modified":"2019-07-17T10:07:57","modified_gmt":"2019-07-17T13:07:57","slug":"provincia-medidas-de-fuerzas-confirmadas-por-distintos-sectores-bonaerenses","status":"publish","type":"post","link":"https:\/\/eldiariodesanpedro.com.ar\/sitio\/provincia-medidas-de-fuerzas-confirmadas-por-distintos-sectores-bonaerenses\/","title":{"rendered":"PROVINCIA: Medidas de fuerzas confirmadas por distintos sectores bonaerenses"},"content":{"rendered":"<!-- VideographyWP Plugin Message: Automatic video embedding prevented by plugin options. -->\n\n<p>La Asociaci\u00f3n Judicial Bonaerense confirm\u00f3 un paro provincial para este jueves y adelant\u00f3 que si no existe un llamado del gobierno, no iniciar\u00e1n las actividades luego del receso por la feria de invierno. De este modo, decretar\u00e1n una huelga para el lunes 5 de agosto y la realizaci\u00f3n de asambleas el martes 6, para resolver los pasos a seguir.<\/p>\n\n\n\n<p>El titular la AJB, Pablo Abramovich, manifest\u00f3 que \u201cvenimos denunciando que el a\u00f1o pasado perdimos m\u00e1s de 15 puntos porcentuales de salario y en lo que va de 2019 llevamos perdidos m\u00e1s de 10 puntos. Por eso es urgente que el Ejecutivo cumpla con el mandato constitucional de garantizar la negociaci\u00f3n paritaria, y hasta que eso ocurra continuaremos con el plan de lucha que venimos sosteniendo desde el mes de marzo\u201d.<\/p>\n\n\n\n<p>En tanto, ATE convoc\u00f3 a una jornada de lucha en todo el territorio bonaerense y el mi\u00e9rcoles llevar\u00e1n a cabo una movilizaci\u00f3n hacia el Ministerio de Trabajo provincial en La Plata. D\u00edas atr\u00e1s, el titular de la cartera, Marcelo Villegas, declar\u00f3 que las paritarias estaban cerradas para este sector.<\/p>\n\n\n\n<p>Por su parte, los trabajadores de la salud nucleados en Cicop anunciaron que el gobierno hab\u00eda iniciado conversaciones informales para avanzar en lo salarial, pero ahora exige que se formalice dicho acercamiento. Hasta el momento, es el \u00fanico gremio que se ha reunido con las autoridades de manera oficial.<\/p>\n\n\n\n<p><strong>Fuente:&nbsp;<\/strong>Noticias Z\u00e1rate Alerta&nbsp;<\/p>\n","protected":false},"excerpt":{"rendered":"<p>La Asociaci\u00f3n Judicial Bonaerense confirm\u00f3 un paro provincial para este jueves y adelant\u00f3 que si no existe un llamado del gobierno, no iniciar\u00e1n las actividades luego del receso por la feria de invierno. De este modo, decretar\u00e1n una huelga para el lunes 5 de agosto y la realizaci\u00f3n de asambleas el martes 6, para resolver [&hellip;]<\/p>\n","protected":false},"author":4,"featured_media":56252,"comment_status":"open","ping_status":"closed","sticky":false,"template":"","format":"standard","meta":{"om_disable_all_campaigns":false,"_jetpack_memberships_contains_paid_content":false,"footnotes":""},"categories":[621],"tags":[],"class_list":["post-56251","post","type-post","status-publish","format-standard","has-post-thumbnail","hentry","category-regionales"],"aioseo_notices":[],"gutentor_comment":0,"jetpack_featured_media_url":"https:\/\/eldiariodesanpedro.com.ar\/sitio\/wp-content\/uploads\/2019\/07\/gremios1200.jpg","jetpack_shortlink":"https:\/\/wp.me\/p6RhLt-eDh","jetpack_sharing_enabled":true,"_links":{"self":[{"href":"https:\/\/eldiariodesanpedro.com.ar\/sitio\/wp-json\/wp\/v2\/posts\/56251","targetHints":{"allow":["GET"]}}],"collection":[{"href":"https:\/\/eldiariodesanpedro.com.ar\/sitio\/wp-json\/wp\/v2\/posts"}],"about":[{"href":"https:\/\/eldiariodesanpedro.com.ar\/sitio\/wp-json\/wp\/v2\/types\/post"}],"author":[{"embeddable":true,"href":"https:\/\/eldiariodesanpedro.com.ar\/sitio\/wp-json\/wp\/v2\/users\/4"}],"replies":[{"embeddable":true,"href":"https:\/\/eldiariodesanpedro.com.ar\/sitio\/wp-json\/wp\/v2\/comments?post=56251"}],"version-history":[{"count":1,"href":"https:\/\/eldiariodesanpedro.com.ar\/sitio\/wp-json\/wp\/v2\/posts\/56251\/revisions"}],"predecessor-version":[{"id":56253,"href":"https:\/\/eldiariodesanpedro.com.ar\/sitio\/wp-json\/wp\/v2\/posts\/56251\/revisions\/56253"}],"wp:featuredmedia":[{"embeddable":true,"href":"https:\/\/eldiariodesanpedro.com.ar\/sitio\/wp-json\/wp\/v2\/media\/56252"}],"wp:attachment":[{"href":"https:\/\/eldiariodesanpedro.com.ar\/sitio\/wp-json\/wp\/v2\/media?parent=56251"}],"wp:term":[{"taxonomy":"category","embeddable":true,"href":"https:\/\/eldiariodesanpedro.com.ar\/sitio\/wp-json\/wp\/v2\/categories?post=56251"},{"taxonomy":"post_tag","embeddable":true,"href":"https:\/\/eldiariodesanpedro.com.ar\/sitio\/wp-json\/wp\/v2\/tags?post=56251"}],"curies":[{"name":"wp","href":"https:\/\/api.w.org\/{rel}","templated":true}]}}