{"id":56248,"date":"2019-07-17T10:00:38","date_gmt":"2019-07-17T13:00:38","guid":{"rendered":"https:\/\/eldiariodesanpedro.com.ar\/sitio\/?p=56248"},"modified":"2019-07-17T10:00:43","modified_gmt":"2019-07-17T13:00:43","slug":"san-nicolas-kicillof-definio-la-situacion-en-la-ciudad-como-un-desastre","status":"publish","type":"post","link":"https:\/\/eldiariodesanpedro.com.ar\/sitio\/san-nicolas-kicillof-definio-la-situacion-en-la-ciudad-como-un-desastre\/","title":{"rendered":"SAN NICOLAS: Kicillof defini\u00f3 la situaci\u00f3n en la ciudad como \u00abun desastre\u00bb"},"content":{"rendered":"<!-- VideographyWP Plugin Message: Automatic video embedding prevented by plugin options. -->\n\n<p>En el marco de la campa\u00f1a para las pr\u00f3ximas elecciones Paso que se realizar\u00e1n el pr\u00f3ximo 11 de agosto, y en coincidencia con la presentaci\u00f3n en p\u00fablico de la lista de candatos que encabeza en el espacio \u201cFrente de todos\u201d Cecilia Comerio, visit\u00f3 nuestra ciudad el precandidato a Gobernador de la Provincia de Buenos Aires Axel Kicillof. El ex ministro de econom\u00eda recorri\u00f3 varios lugares de la ciudad antes de arribar al Club San Nicol\u00e1s, en d\u00f3nde particip\u00f3 del acto de lanzamiento de la lista y antes concedi\u00f3 una conferencia de prensa compartiendo la mesa con Cecilia Comerio, Agustina Propato, Mario Almir\u00f3n, Francisco Paco Dura\u00f1ona y Lisandro Bonelli.<br>\u00a0<br>\u201cHicimos una vista a San Nicol\u00e1s que incluy\u00f3 reuniones con dirigentes pol\u00edticos, dirigentes sindicales en el campo del trabajo, estuvimos en el Parque Industrial recorriendo dos empresas, una de ellas en d\u00f3nde el empresario es el Presidente de la Federaci\u00f3n de Industria y Comercio de San Nicolas. Estuvimos en un club de Barrio, visitamos la Cl\u00ednica de la Uni\u00f3n Obrera Metal\u00fargica acompa\u00f1ados por Naldo Brunelli \u2026es decir que m\u00e1s all\u00e1 del dialogo con los compa\u00f1eros hemos recorrido lo que podr\u00eda decirse el espinel de las situaciones econ\u00f3micas, sociales que se est\u00e1n viviendo en San Nicol\u00e1s. La \u00faltima vez que estuve aqu\u00ed fue en marzo de 2017, y lo quiero decir porque algunos ahora dicen que sali\u00f3 a recorrer la provincia con un auto porque est\u00e1 en campa\u00f1a, pero con el mismo auto y cuando no hab\u00eda campa\u00f1a vine en el 2017 porque es un trabajo que venimos haciendo desde hace tres a\u00f1os y medio de tener reuniones, y hemos tenido muchas y extensas escuchando a todos los sectores y tengo un diagn\u00f3stico bastante claro que nos muestra la situaci\u00f3n en San Nicol\u00e1s: un desastre. Un desastre en el terreno laboral, en el terreno productivo, en el terreno comercial, en el terreno educativo y en el terreno de la salud. . Lo que hace a la vida de los vecinos y vecinas de San Nicol\u00e1s no hay variable ni situaci\u00f3n que uno pueda decir que est\u00e1n bien o anden bien\u201d.\u00a0<br><br>Para Kiciloff, esto se debe \u201ccomo primer factor a la pol\u00edtica nacional del Presidente Macri, una pol\u00edtica macroecon\u00f3mica que viene desplegando desde el d\u00eda uno con peque\u00f1as pausas en tiempos electorales. En el 17 al igual que ahora dio cr\u00e9ditos a mansalva todo lo que hab\u00eda negado antes\u00bb.\u00a0<\/p>\n\n\n\n<p><strong>En la provincia lo mismo&nbsp;<br><\/strong>Kicillof complet\u00f3 \u201c A esto se agrega la ca\u00edda de los salarios, jubilaciones, las ca\u00edda en todos los presupuestos en educaci\u00f3n y salud. Esta es la realidad de la pol\u00edtica nacional, la Gobernadora de la Provincia, es la m\u00e1s cercana a Macri, es la que le firm\u00f3 todos los pactos y los compromisos y la que lo est\u00e1 acompa\u00f1ando para que Macri sea presidente 4 a\u00f1os m\u00e1s y siga con las mismas pol\u00edticas- A nivel provincial lo que podemos ver que esa pol\u00edticas fueron copiadas por la Gobernadora, ella es responsable por las tarifas hoy est\u00e1n dolarizadas porque ella aplic\u00f3 el mismo criterio, las tasas de inter\u00e9s del Banco Provincia es la misma que la nacional y a veces son m\u00e1s altas que la banca privada, la ca\u00edda de los salarios se ve claramente con los docentes pero se ha reproducido en los salarios p\u00fablicos y los salaros del sector privado, y me han contado que en cada conflicto que hay el Ministerio de trabajo de la Provincia esta siempre en contra del asalariado, con los jubilados ha pasado lo mismo , en el IPS lo mismo en el IOMA igual no hay remedios ni vacunas a nivel nacional y lo mismo sucede en la provincia. Es decir que la Gobernadora en vez de proteger y cuidar a los bonaerense aplic\u00f3 las misma pol\u00edticas nacionales y a veces m\u00e1s dr\u00e1sticas todav\u00eda\u201d.&nbsp;<\/p>\n\n\n\n<p>Fuente: Diario El Norte<\/p>\n","protected":false},"excerpt":{"rendered":"<p>En el marco de la campa\u00f1a para las pr\u00f3ximas elecciones Paso que se realizar\u00e1n el pr\u00f3ximo 11 de agosto, y en coincidencia con la presentaci\u00f3n en p\u00fablico de la lista de candatos que encabeza en el espacio \u201cFrente de todos\u201d Cecilia Comerio, visit\u00f3 nuestra ciudad el precandidato a Gobernador de la Provincia de Buenos Aires [&hellip;]<\/p>\n","protected":false},"author":4,"featured_media":56249,"comment_status":"open","ping_status":"closed","sticky":false,"template":"","format":"standard","meta":{"om_disable_all_campaigns":false,"_jetpack_memberships_contains_paid_content":false,"footnotes":""},"categories":[621],"tags":[],"class_list":["post-56248","post","type-post","status-publish","format-standard","has-post-thumbnail","hentry","category-regionales"],"aioseo_notices":[],"gutentor_comment":0,"jetpack_featured_media_url":"https:\/\/eldiariodesanpedro.com.ar\/sitio\/wp-content\/uploads\/2019\/07\/0-2.jpg","jetpack_shortlink":"https:\/\/wp.me\/p6RhLt-eDe","jetpack_sharing_enabled":true,"_links":{"self":[{"href":"https:\/\/eldiariodesanpedro.com.ar\/sitio\/wp-json\/wp\/v2\/posts\/56248","targetHints":{"allow":["GET"]}}],"collection":[{"href":"https:\/\/eldiariodesanpedro.com.ar\/sitio\/wp-json\/wp\/v2\/posts"}],"about":[{"href":"https:\/\/eldiariodesanpedro.com.ar\/sitio\/wp-json\/wp\/v2\/types\/post"}],"author":[{"embeddable":true,"href":"https:\/\/eldiariodesanpedro.com.ar\/sitio\/wp-json\/wp\/v2\/users\/4"}],"replies":[{"embeddable":true,"href":"https:\/\/eldiariodesanpedro.com.ar\/sitio\/wp-json\/wp\/v2\/comments?post=56248"}],"version-history":[{"count":1,"href":"https:\/\/eldiariodesanpedro.com.ar\/sitio\/wp-json\/wp\/v2\/posts\/56248\/revisions"}],"predecessor-version":[{"id":56250,"href":"https:\/\/eldiariodesanpedro.com.ar\/sitio\/wp-json\/wp\/v2\/posts\/56248\/revisions\/56250"}],"wp:featuredmedia":[{"embeddable":true,"href":"https:\/\/eldiariodesanpedro.com.ar\/sitio\/wp-json\/wp\/v2\/media\/56249"}],"wp:attachment":[{"href":"https:\/\/eldiariodesanpedro.com.ar\/sitio\/wp-json\/wp\/v2\/media?parent=56248"}],"wp:term":[{"taxonomy":"category","embeddable":true,"href":"https:\/\/eldiariodesanpedro.com.ar\/sitio\/wp-json\/wp\/v2\/categories?post=56248"},{"taxonomy":"post_tag","embeddable":true,"href":"https:\/\/eldiariodesanpedro.com.ar\/sitio\/wp-json\/wp\/v2\/tags?post=56248"}],"curies":[{"name":"wp","href":"https:\/\/api.w.org\/{rel}","templated":true}]}}