{"id":5624,"date":"2016-06-21T19:18:10","date_gmt":"2016-06-21T22:18:10","guid":{"rendered":"https:\/\/eldiariodesanpedro.com.ar\/sitio\/?p=5624"},"modified":"2016-06-21T19:18:10","modified_gmt":"2016-06-21T22:18:10","slug":"turismo-durante-el-fin-de-semana-largo-la-ocupacion-hotelera-fue-de-un-93","status":"publish","type":"post","link":"https:\/\/eldiariodesanpedro.com.ar\/sitio\/turismo-durante-el-fin-de-semana-largo-la-ocupacion-hotelera-fue-de-un-93\/","title":{"rendered":"Turismo: Durante el fin de semana largo la ocupaci\u00f3n hotelera fue de un 93%"},"content":{"rendered":"<p><!-- VideographyWP Plugin Message: Automatic video embedding prevented by plugin options. --><br \/>\nLa Direcci\u00f3n de Turismo dio a conocer los datos de un relevamiento realizado durante el fin de semana largo en nuestra ciudad.<br \/>\nLa ocupaci\u00f3n hotelera estuvo colmada en un 93%, en tanto que pasaron 1880 personas por las casillas de informaci\u00f3n dispuestas por el \u00e1rea, en la cual se realizaron 670 consultas.<br \/>\nAsimismo, se not\u00f3 un gran recambio de las personas que eleg\u00edan San Pedro para disfrutar en una sola jornada. Tambi\u00e9n, y en participaci\u00f3n conjunta con Cultura, el \u00e1rea de Turismo estuvo presente en los eventos realizados en plaza Constituci\u00f3n, destacando la muy buena recepci\u00f3n y predisposici\u00f3n de turistas, sampedrinos y de los mismos expositores.<\/p>\n","protected":false},"excerpt":{"rendered":"<p>La Direcci\u00f3n de Turismo dio a conocer los datos de un relevamiento realizado durante el fin de semana largo en nuestra ciudad. La ocupaci\u00f3n hotelera estuvo colmada en un 93%, en tanto que pasaron 1880 personas por las casillas de informaci\u00f3n dispuestas por el \u00e1rea, en la cual se realizaron 670 consultas. Asimismo, se not\u00f3 [&hellip;]<\/p>\n","protected":false},"author":4,"featured_media":5625,"comment_status":"open","ping_status":"closed","sticky":false,"template":"","format":"standard","meta":{"om_disable_all_campaigns":false,"_jetpack_memberships_contains_paid_content":false,"footnotes":""},"categories":[101,2],"tags":[],"class_list":["post-5624","post","type-post","status-publish","format-standard","has-post-thumbnail","hentry","category-interes-general-locales","category-locales"],"aioseo_notices":[],"gutentor_comment":0,"jetpack_featured_media_url":"https:\/\/eldiariodesanpedro.com.ar\/sitio\/wp-content\/uploads\/2016\/06\/turismo.jpg","jetpack_shortlink":"https:\/\/wp.me\/p6RhLt-1sI","jetpack_sharing_enabled":true,"_links":{"self":[{"href":"https:\/\/eldiariodesanpedro.com.ar\/sitio\/wp-json\/wp\/v2\/posts\/5624","targetHints":{"allow":["GET"]}}],"collection":[{"href":"https:\/\/eldiariodesanpedro.com.ar\/sitio\/wp-json\/wp\/v2\/posts"}],"about":[{"href":"https:\/\/eldiariodesanpedro.com.ar\/sitio\/wp-json\/wp\/v2\/types\/post"}],"author":[{"embeddable":true,"href":"https:\/\/eldiariodesanpedro.com.ar\/sitio\/wp-json\/wp\/v2\/users\/4"}],"replies":[{"embeddable":true,"href":"https:\/\/eldiariodesanpedro.com.ar\/sitio\/wp-json\/wp\/v2\/comments?post=5624"}],"version-history":[{"count":1,"href":"https:\/\/eldiariodesanpedro.com.ar\/sitio\/wp-json\/wp\/v2\/posts\/5624\/revisions"}],"predecessor-version":[{"id":5626,"href":"https:\/\/eldiariodesanpedro.com.ar\/sitio\/wp-json\/wp\/v2\/posts\/5624\/revisions\/5626"}],"wp:featuredmedia":[{"embeddable":true,"href":"https:\/\/eldiariodesanpedro.com.ar\/sitio\/wp-json\/wp\/v2\/media\/5625"}],"wp:attachment":[{"href":"https:\/\/eldiariodesanpedro.com.ar\/sitio\/wp-json\/wp\/v2\/media?parent=5624"}],"wp:term":[{"taxonomy":"category","embeddable":true,"href":"https:\/\/eldiariodesanpedro.com.ar\/sitio\/wp-json\/wp\/v2\/categories?post=5624"},{"taxonomy":"post_tag","embeddable":true,"href":"https:\/\/eldiariodesanpedro.com.ar\/sitio\/wp-json\/wp\/v2\/tags?post=5624"}],"curies":[{"name":"wp","href":"https:\/\/api.w.org\/{rel}","templated":true}]}}