{"id":56239,"date":"2019-07-17T10:24:42","date_gmt":"2019-07-17T13:24:42","guid":{"rendered":"https:\/\/eldiariodesanpedro.com.ar\/sitio\/?p=56239"},"modified":"2019-07-17T10:36:24","modified_gmt":"2019-07-17T13:36:24","slug":"elecciones-2019-luciano-juhant-presento-su-lista","status":"publish","type":"post","link":"https:\/\/eldiariodesanpedro.com.ar\/sitio\/elecciones-2019-luciano-juhant-presento-su-lista\/","title":{"rendered":"Elecciones 2019: Luciano Juhant present\u00f3 su lista"},"content":{"rendered":"<!-- VideographyWP Plugin Message: Automatic video embedding prevented by plugin options. -->\n\n<p>El precandidato a Intendente, encabez\u00f3 por la tarde noche del martes el acto de presentaci\u00f3n de la lista 10 en la interna del Frente de Todos.<\/p>\n\n\n\n<p>La presentaci\u00f3n se realiz\u00f3 en el local de Patria Grande ubicado en San Mart\u00edn al 350, Luciano Juhant present\u00f3 su lista acompa\u00f1ado por Juancho Correa, precandidato primero en la lista para al concejo deliberante y tambi\u00e9n junto a  C\u00e9sar Cejas; 3ro en la lista al HCD, Laura Cevedio, precandidata al consejo escolar y el precandidato Alberto Aguilar.  <\/p>\n\n\n\n<p>\u00abSomos varios sectores que representamos esta alternativa que tiene San Pedro, vamos a ir a una interna trabajando mucho\u00bb, comenzaba su discurso Luciano Juhant y presentaba a todos sus compa\u00f1eros de la lista d\u00e1ndole la palabra a seguir a Juancho Correa, \u00abnuestra propuesta ante todo es trabajo, estamos en una situaci\u00f3n dif\u00edcil a nivel local y nacional\u00bb.<\/p>\n\n\n\n<p>\u00abQueremos generar alimentos seguro, de calidad y baratos, con huertas populares, no para salir de la crisis sino como sector de producci\u00f3n, la isla es uno de los sectores que tendr\u00edamos que conservarlo y protegerlo para la agroecolog\u00eda, barco y desembarco de producciones de islas que es algo que se deber\u00eda gestionar, necesitamos un reordenamiento territorial con ver la cantidad de tierras que son de San Pedro y podemos utilizar, reformulaci\u00f3n de la ordenanza San Pedro 2000 \u00ab.<br><\/p>\n\n\n\n<p>Tambi\u00e9n dentro de las propuestas presentadas es la educaci\u00f3n popular y una liga de f\u00fatbol infantil barrial&nbsp;.<\/p>\n\n\n\n<p>El l\u00edder &nbsp;de la Confederaci\u00f3n de Trabajadores de la Econom\u00eda Popular, Juan Grabois es quien encabeza el Frente Patria Grande a nivel nacional con el que aspira a integrar un espacio electoral liderado por la ex presidenta, quien termin\u00f3 enojado y no muy conforme con los cierres de lista<\/p>\n\n\n\n<p>El dirigente social le dijo a su verdadera jefa de este espacio pol\u00edtico que el aparato pol\u00edtico actual (de todos los partidos) rechaza a los&nbsp;\u201ctrans, indios y pobres pero&nbsp;acepta lo &#8216;cool progresista&#8217;\u201d, pero aseguran sus compa\u00f1eros que el dirigente social ya se \u00abdesenoj\u00f3\u00bb con el cierre que manejaron Cristina, Alberto Fern\u00e1ndez y La C\u00e1mpora, m\u00e1s all\u00e1 de que sigue sosteniendo que \u00abtodo el sistema pol\u00edtico evita mostrar a los pobres\u00bb. <\/p>\n\n\n\n<p>Asi mismo, las propuestas presentadas por el precandidato Luciano Juhant y toda su lista, fueron orientadas a la consigna \u00abpan, techo y trabajo\u00bb como el lema que impulsa su l\u00edder, \u00abPan, Paz, Tierra, Techo y Trabajo\u00bb.<\/p>\n\n\n\n<p>Im\u00e1genes de la conferencia:<br><br><\/p>\n\n\n\n<ul class=\"wp-block-gallery columns-3 is-cropped wp-block-gallery-1 is-layout-flex wp-block-gallery-is-layout-flex\"><li class=\"blocks-gallery-item\"><figure><img decoding=\"async\" width=\"1024\" height=\"576\" data-attachment-id=\"56247\" data-permalink=\"https:\/\/eldiariodesanpedro.com.ar\/sitio\/20190716_184358\/\" data-orig-file=\"https:\/\/eldiariodesanpedro.com.ar\/sitio\/wp-content\/uploads\/2019\/07\/20190716_184358.jpg\" data-orig-size=\"4032,2268\" data-comments-opened=\"1\" data-image-meta=\"{&quot;aperture&quot;:&quot;1.7&quot;,&quot;credit&quot;:&quot;&quot;,&quot;camera&quot;:&quot;SM-N950F&quot;,&quot;caption&quot;:&quot;&quot;,&quot;created_timestamp&quot;:&quot;1563302638&quot;,&quot;copyright&quot;:&quot;&quot;,&quot;focal_length&quot;:&quot;4.3&quot;,&quot;iso&quot;:&quot;500&quot;,&quot;shutter_speed&quot;:&quot;0.02&quot;,&quot;title&quot;:&quot;&quot;,&quot;orientation&quot;:&quot;1&quot;}\" data-image-title=\"20190716_184358\" data-image-description=\"\" data-image-caption=\"\" data-large-file=\"https:\/\/eldiariodesanpedro.com.ar\/sitio\/wp-content\/uploads\/2019\/07\/20190716_184358-1024x576.jpg\" data-src=\"https:\/\/eldiariodesanpedro.com.ar\/sitio\/wp-content\/uploads\/2019\/07\/20190716_184358-1024x576.jpg\" alt=\"\" data-id=\"56247\" data-link=\"https:\/\/eldiariodesanpedro.com.ar\/sitio\/20190716_184358\/\" class=\"wp-image-56247 lazyload\" data-srcset=\"https:\/\/eldiariodesanpedro.com.ar\/sitio\/wp-content\/uploads\/2019\/07\/20190716_184358-1024x576.jpg 1024w, https:\/\/eldiariodesanpedro.com.ar\/sitio\/wp-content\/uploads\/2019\/07\/20190716_184358-300x169.jpg 300w, https:\/\/eldiariodesanpedro.com.ar\/sitio\/wp-content\/uploads\/2019\/07\/20190716_184358-768x432.jpg 768w\" data-sizes=\"(max-width: 1024px) 100vw, 1024px\" src=\"data:image\/svg+xml;base64,PHN2ZyB3aWR0aD0iMSIgaGVpZ2h0PSIxIiB4bWxucz0iaHR0cDovL3d3dy53My5vcmcvMjAwMC9zdmciPjwvc3ZnPg==\" style=\"--smush-placeholder-width: 1024px; --smush-placeholder-aspect-ratio: 1024\/576;\" \/><\/figure><\/li><li class=\"blocks-gallery-item\"><figure><img decoding=\"async\" width=\"1024\" height=\"498\" data-attachment-id=\"56246\" data-permalink=\"https:\/\/eldiariodesanpedro.com.ar\/sitio\/20190716_183826\/\" data-orig-file=\"https:\/\/eldiariodesanpedro.com.ar\/sitio\/wp-content\/uploads\/2019\/07\/20190716_183826.jpg\" data-orig-size=\"4032,1960\" data-comments-opened=\"1\" data-image-meta=\"{&quot;aperture&quot;:&quot;1.7&quot;,&quot;credit&quot;:&quot;&quot;,&quot;camera&quot;:&quot;SM-N950F&quot;,&quot;caption&quot;:&quot;&quot;,&quot;created_timestamp&quot;:&quot;1563302306&quot;,&quot;copyright&quot;:&quot;&quot;,&quot;focal_length&quot;:&quot;4.3&quot;,&quot;iso&quot;:&quot;200&quot;,&quot;shutter_speed&quot;:&quot;0.05&quot;,&quot;title&quot;:&quot;&quot;,&quot;orientation&quot;:&quot;1&quot;}\" data-image-title=\"20190716_183826\" data-image-description=\"\" data-image-caption=\"\" data-large-file=\"https:\/\/eldiariodesanpedro.com.ar\/sitio\/wp-content\/uploads\/2019\/07\/20190716_183826-1024x498.jpg\" data-src=\"https:\/\/eldiariodesanpedro.com.ar\/sitio\/wp-content\/uploads\/2019\/07\/20190716_183826-1024x498.jpg\" alt=\"\" data-id=\"56246\" data-link=\"https:\/\/eldiariodesanpedro.com.ar\/sitio\/20190716_183826\/\" class=\"wp-image-56246 lazyload\" data-srcset=\"https:\/\/eldiariodesanpedro.com.ar\/sitio\/wp-content\/uploads\/2019\/07\/20190716_183826-1024x498.jpg 1024w, https:\/\/eldiariodesanpedro.com.ar\/sitio\/wp-content\/uploads\/2019\/07\/20190716_183826-300x146.jpg 300w, https:\/\/eldiariodesanpedro.com.ar\/sitio\/wp-content\/uploads\/2019\/07\/20190716_183826-768x373.jpg 768w\" data-sizes=\"(max-width: 1024px) 100vw, 1024px\" src=\"data:image\/svg+xml;base64,PHN2ZyB3aWR0aD0iMSIgaGVpZ2h0PSIxIiB4bWxucz0iaHR0cDovL3d3dy53My5vcmcvMjAwMC9zdmciPjwvc3ZnPg==\" style=\"--smush-placeholder-width: 1024px; --smush-placeholder-aspect-ratio: 1024\/498;\" \/><\/figure><\/li><li class=\"blocks-gallery-item\"><figure><img decoding=\"async\" width=\"1024\" height=\"576\" data-attachment-id=\"56245\" data-permalink=\"https:\/\/eldiariodesanpedro.com.ar\/sitio\/20190716_184645\/\" data-orig-file=\"https:\/\/eldiariodesanpedro.com.ar\/sitio\/wp-content\/uploads\/2019\/07\/20190716_184645.jpg\" data-orig-size=\"4032,2268\" data-comments-opened=\"1\" data-image-meta=\"{&quot;aperture&quot;:&quot;1.7&quot;,&quot;credit&quot;:&quot;&quot;,&quot;camera&quot;:&quot;SM-N950F&quot;,&quot;caption&quot;:&quot;&quot;,&quot;created_timestamp&quot;:&quot;1563302805&quot;,&quot;copyright&quot;:&quot;&quot;,&quot;focal_length&quot;:&quot;4.3&quot;,&quot;iso&quot;:&quot;640&quot;,&quot;shutter_speed&quot;:&quot;0.02&quot;,&quot;title&quot;:&quot;&quot;,&quot;orientation&quot;:&quot;1&quot;}\" data-image-title=\"20190716_184645\" data-image-description=\"\" data-image-caption=\"\" data-large-file=\"https:\/\/eldiariodesanpedro.com.ar\/sitio\/wp-content\/uploads\/2019\/07\/20190716_184645-1024x576.jpg\" data-src=\"https:\/\/eldiariodesanpedro.com.ar\/sitio\/wp-content\/uploads\/2019\/07\/20190716_184645-1024x576.jpg\" alt=\"\" data-id=\"56245\" data-link=\"https:\/\/eldiariodesanpedro.com.ar\/sitio\/20190716_184645\/\" class=\"wp-image-56245 lazyload\" data-srcset=\"https:\/\/eldiariodesanpedro.com.ar\/sitio\/wp-content\/uploads\/2019\/07\/20190716_184645-1024x576.jpg 1024w, https:\/\/eldiariodesanpedro.com.ar\/sitio\/wp-content\/uploads\/2019\/07\/20190716_184645-300x169.jpg 300w, https:\/\/eldiariodesanpedro.com.ar\/sitio\/wp-content\/uploads\/2019\/07\/20190716_184645-768x432.jpg 768w\" data-sizes=\"(max-width: 1024px) 100vw, 1024px\" src=\"data:image\/svg+xml;base64,PHN2ZyB3aWR0aD0iMSIgaGVpZ2h0PSIxIiB4bWxucz0iaHR0cDovL3d3dy53My5vcmcvMjAwMC9zdmciPjwvc3ZnPg==\" style=\"--smush-placeholder-width: 1024px; --smush-placeholder-aspect-ratio: 1024\/576;\" \/><\/figure><\/li><li class=\"blocks-gallery-item\"><figure><img decoding=\"async\" width=\"1024\" height=\"576\" data-attachment-id=\"56244\" data-permalink=\"https:\/\/eldiariodesanpedro.com.ar\/sitio\/20190716_184400\/\" data-orig-file=\"https:\/\/eldiariodesanpedro.com.ar\/sitio\/wp-content\/uploads\/2019\/07\/20190716_184400.jpg\" data-orig-size=\"4032,2268\" data-comments-opened=\"1\" data-image-meta=\"{&quot;aperture&quot;:&quot;1.7&quot;,&quot;credit&quot;:&quot;&quot;,&quot;camera&quot;:&quot;SM-N950F&quot;,&quot;caption&quot;:&quot;&quot;,&quot;created_timestamp&quot;:&quot;1563302640&quot;,&quot;copyright&quot;:&quot;&quot;,&quot;focal_length&quot;:&quot;4.3&quot;,&quot;iso&quot;:&quot;800&quot;,&quot;shutter_speed&quot;:&quot;0.02&quot;,&quot;title&quot;:&quot;&quot;,&quot;orientation&quot;:&quot;1&quot;}\" data-image-title=\"20190716_184400\" data-image-description=\"\" data-image-caption=\"\" data-large-file=\"https:\/\/eldiariodesanpedro.com.ar\/sitio\/wp-content\/uploads\/2019\/07\/20190716_184400-1024x576.jpg\" data-src=\"https:\/\/eldiariodesanpedro.com.ar\/sitio\/wp-content\/uploads\/2019\/07\/20190716_184400-1024x576.jpg\" alt=\"\" data-id=\"56244\" data-link=\"https:\/\/eldiariodesanpedro.com.ar\/sitio\/20190716_184400\/\" class=\"wp-image-56244 lazyload\" data-srcset=\"https:\/\/eldiariodesanpedro.com.ar\/sitio\/wp-content\/uploads\/2019\/07\/20190716_184400-1024x576.jpg 1024w, https:\/\/eldiariodesanpedro.com.ar\/sitio\/wp-content\/uploads\/2019\/07\/20190716_184400-300x169.jpg 300w, https:\/\/eldiariodesanpedro.com.ar\/sitio\/wp-content\/uploads\/2019\/07\/20190716_184400-768x432.jpg 768w\" data-sizes=\"(max-width: 1024px) 100vw, 1024px\" src=\"data:image\/svg+xml;base64,PHN2ZyB3aWR0aD0iMSIgaGVpZ2h0PSIxIiB4bWxucz0iaHR0cDovL3d3dy53My5vcmcvMjAwMC9zdmciPjwvc3ZnPg==\" style=\"--smush-placeholder-width: 1024px; --smush-placeholder-aspect-ratio: 1024\/576;\" \/><\/figure><\/li><li class=\"blocks-gallery-item\"><figure><img decoding=\"async\" width=\"1024\" height=\"498\" data-attachment-id=\"56243\" data-permalink=\"https:\/\/eldiariodesanpedro.com.ar\/sitio\/20190716_184816\/\" data-orig-file=\"https:\/\/eldiariodesanpedro.com.ar\/sitio\/wp-content\/uploads\/2019\/07\/20190716_184816.jpg\" data-orig-size=\"4032,1960\" data-comments-opened=\"1\" data-image-meta=\"{&quot;aperture&quot;:&quot;1.7&quot;,&quot;credit&quot;:&quot;&quot;,&quot;camera&quot;:&quot;SM-N950F&quot;,&quot;caption&quot;:&quot;&quot;,&quot;created_timestamp&quot;:&quot;1563302896&quot;,&quot;copyright&quot;:&quot;&quot;,&quot;focal_length&quot;:&quot;4.3&quot;,&quot;iso&quot;:&quot;640&quot;,&quot;shutter_speed&quot;:&quot;0.03030303030303&quot;,&quot;title&quot;:&quot;&quot;,&quot;orientation&quot;:&quot;1&quot;}\" data-image-title=\"20190716_184816\" data-image-description=\"\" data-image-caption=\"\" data-large-file=\"https:\/\/eldiariodesanpedro.com.ar\/sitio\/wp-content\/uploads\/2019\/07\/20190716_184816-1024x498.jpg\" data-src=\"https:\/\/eldiariodesanpedro.com.ar\/sitio\/wp-content\/uploads\/2019\/07\/20190716_184816-1024x498.jpg\" alt=\"\" data-id=\"56243\" data-link=\"https:\/\/eldiariodesanpedro.com.ar\/sitio\/20190716_184816\/\" class=\"wp-image-56243 lazyload\" data-srcset=\"https:\/\/eldiariodesanpedro.com.ar\/sitio\/wp-content\/uploads\/2019\/07\/20190716_184816-1024x498.jpg 1024w, https:\/\/eldiariodesanpedro.com.ar\/sitio\/wp-content\/uploads\/2019\/07\/20190716_184816-300x146.jpg 300w, https:\/\/eldiariodesanpedro.com.ar\/sitio\/wp-content\/uploads\/2019\/07\/20190716_184816-768x373.jpg 768w\" data-sizes=\"(max-width: 1024px) 100vw, 1024px\" src=\"data:image\/svg+xml;base64,PHN2ZyB3aWR0aD0iMSIgaGVpZ2h0PSIxIiB4bWxucz0iaHR0cDovL3d3dy53My5vcmcvMjAwMC9zdmciPjwvc3ZnPg==\" style=\"--smush-placeholder-width: 1024px; --smush-placeholder-aspect-ratio: 1024\/498;\" \/><\/figure><\/li><li class=\"blocks-gallery-item\"><figure><img decoding=\"async\" width=\"1024\" height=\"498\" data-attachment-id=\"56242\" data-permalink=\"https:\/\/eldiariodesanpedro.com.ar\/sitio\/20190716_184817\/\" data-orig-file=\"https:\/\/eldiariodesanpedro.com.ar\/sitio\/wp-content\/uploads\/2019\/07\/20190716_184817.jpg\" data-orig-size=\"4032,1960\" data-comments-opened=\"1\" data-image-meta=\"{&quot;aperture&quot;:&quot;1.7&quot;,&quot;credit&quot;:&quot;&quot;,&quot;camera&quot;:&quot;SM-N950F&quot;,&quot;caption&quot;:&quot;&quot;,&quot;created_timestamp&quot;:&quot;1563302897&quot;,&quot;copyright&quot;:&quot;&quot;,&quot;focal_length&quot;:&quot;4.3&quot;,&quot;iso&quot;:&quot;640&quot;,&quot;shutter_speed&quot;:&quot;0.03030303030303&quot;,&quot;title&quot;:&quot;&quot;,&quot;orientation&quot;:&quot;1&quot;}\" data-image-title=\"20190716_184817\" data-image-description=\"\" data-image-caption=\"\" data-large-file=\"https:\/\/eldiariodesanpedro.com.ar\/sitio\/wp-content\/uploads\/2019\/07\/20190716_184817-1024x498.jpg\" data-src=\"https:\/\/eldiariodesanpedro.com.ar\/sitio\/wp-content\/uploads\/2019\/07\/20190716_184817-1024x498.jpg\" alt=\"\" data-id=\"56242\" data-link=\"https:\/\/eldiariodesanpedro.com.ar\/sitio\/20190716_184817\/\" class=\"wp-image-56242 lazyload\" data-srcset=\"https:\/\/eldiariodesanpedro.com.ar\/sitio\/wp-content\/uploads\/2019\/07\/20190716_184817-1024x498.jpg 1024w, https:\/\/eldiariodesanpedro.com.ar\/sitio\/wp-content\/uploads\/2019\/07\/20190716_184817-300x146.jpg 300w, https:\/\/eldiariodesanpedro.com.ar\/sitio\/wp-content\/uploads\/2019\/07\/20190716_184817-768x373.jpg 768w\" data-sizes=\"(max-width: 1024px) 100vw, 1024px\" src=\"data:image\/svg+xml;base64,PHN2ZyB3aWR0aD0iMSIgaGVpZ2h0PSIxIiB4bWxucz0iaHR0cDovL3d3dy53My5vcmcvMjAwMC9zdmciPjwvc3ZnPg==\" style=\"--smush-placeholder-width: 1024px; --smush-placeholder-aspect-ratio: 1024\/498;\" \/><\/figure><\/li><\/ul>\n","protected":false},"excerpt":{"rendered":"<p>El precandidato a Intendente, encabez\u00f3 por la tarde noche del martes el acto de presentaci\u00f3n de la lista 10 en la interna del Frente de Todos. La presentaci\u00f3n se realiz\u00f3 en el local de Patria Grande ubicado en San Mart\u00edn al 350, Luciano Juhant present\u00f3 su lista acompa\u00f1ado por Juancho Correa, precandidato primero en la [&hellip;]<\/p>\n","protected":false},"author":4,"featured_media":56242,"comment_status":"open","ping_status":"closed","sticky":false,"template":"","format":"standard","meta":{"om_disable_all_campaigns":false,"_jetpack_memberships_contains_paid_content":false,"footnotes":""},"categories":[2,102],"tags":[],"class_list":["post-56239","post","type-post","status-publish","format-standard","has-post-thumbnail","hentry","category-locales","category-politica-locales"],"aioseo_notices":[],"gutentor_comment":0,"jetpack_featured_media_url":"https:\/\/eldiariodesanpedro.com.ar\/sitio\/wp-content\/uploads\/2019\/07\/20190716_184817.jpg","jetpack_shortlink":"https:\/\/wp.me\/p6RhLt-eD5","jetpack_sharing_enabled":true,"_links":{"self":[{"href":"https:\/\/eldiariodesanpedro.com.ar\/sitio\/wp-json\/wp\/v2\/posts\/56239","targetHints":{"allow":["GET"]}}],"collection":[{"href":"https:\/\/eldiariodesanpedro.com.ar\/sitio\/wp-json\/wp\/v2\/posts"}],"about":[{"href":"https:\/\/eldiariodesanpedro.com.ar\/sitio\/wp-json\/wp\/v2\/types\/post"}],"author":[{"embeddable":true,"href":"https:\/\/eldiariodesanpedro.com.ar\/sitio\/wp-json\/wp\/v2\/users\/4"}],"replies":[{"embeddable":true,"href":"https:\/\/eldiariodesanpedro.com.ar\/sitio\/wp-json\/wp\/v2\/comments?post=56239"}],"version-history":[{"count":2,"href":"https:\/\/eldiariodesanpedro.com.ar\/sitio\/wp-json\/wp\/v2\/posts\/56239\/revisions"}],"predecessor-version":[{"id":56266,"href":"https:\/\/eldiariodesanpedro.com.ar\/sitio\/wp-json\/wp\/v2\/posts\/56239\/revisions\/56266"}],"wp:featuredmedia":[{"embeddable":true,"href":"https:\/\/eldiariodesanpedro.com.ar\/sitio\/wp-json\/wp\/v2\/media\/56242"}],"wp:attachment":[{"href":"https:\/\/eldiariodesanpedro.com.ar\/sitio\/wp-json\/wp\/v2\/media?parent=56239"}],"wp:term":[{"taxonomy":"category","embeddable":true,"href":"https:\/\/eldiariodesanpedro.com.ar\/sitio\/wp-json\/wp\/v2\/categories?post=56239"},{"taxonomy":"post_tag","embeddable":true,"href":"https:\/\/eldiariodesanpedro.com.ar\/sitio\/wp-json\/wp\/v2\/tags?post=56239"}],"curies":[{"name":"wp","href":"https:\/\/api.w.org\/{rel}","templated":true}]}}