{"id":56228,"date":"2019-07-17T08:50:42","date_gmt":"2019-07-17T11:50:42","guid":{"rendered":"https:\/\/eldiariodesanpedro.com.ar\/sitio\/?p=56228"},"modified":"2019-07-17T08:50:47","modified_gmt":"2019-07-17T11:50:47","slug":"jornada-del-programa-mesas-de-dialogo","status":"publish","type":"post","link":"https:\/\/eldiariodesanpedro.com.ar\/sitio\/jornada-del-programa-mesas-de-dialogo\/","title":{"rendered":"Jornada del Programa \u201cMesas de Di\u00e1logo\u201d"},"content":{"rendered":"<!-- VideographyWP Plugin Message: Automatic video embedding prevented by plugin options. -->\n\n<p><br>Se realiz\u00f3 esta ma\u00f1ana en el Sal\u00f3n Dorado del Palacio Municipal, la jornada de capacitaci\u00f3n del Programa \u00abMesas de Di\u00e1logo\u00bb del Ministerio de Gobierno de la Provincia de Buenos Aires junto al Instituto Nacional de la Administraci\u00f3n P\u00fablica (INAP). La misma tuvo como eje central la \u00abPlanificaci\u00f3n Estrat\u00e9gica\u00bb y cont\u00f3 con la participaci\u00f3n de funcionarios de San Pedro, Baradero y Chascomus.<\/p>\n\n\n\n<p>El objetivo general de esta capacitaci\u00f3n fue presentar los conceptos y las herramientas claves del proyecto estrat\u00e9gico, para facilitar su aplicaci\u00f3n pr\u00e1ctica en la gesti\u00f3n cotidiana, y de esta manera generar mejores servicios que impacten en la calidad de vida de los sampedrinos y bonaerenses.<br>La apertura estuvo a cargo del Secretario de Gobierno Silvio Corti y del Lic. Mario Helfenstein, responsable del Programa \u201cMesas de Di\u00e1logo\u201d del Ministerio de Gobierno.<\/p>\n\n\n\n<p>Durante la jornada los temas que se trataron fueron:\u00a0<\/p>\n\n\n\n<p><br>*Estrategia y Previsi\u00f3n<br>*Metodolog\u00edas y T\u00e9cnicas de la Planificaci\u00f3n Estrat\u00e9gica<br>*An\u00e1lisis Estrat\u00e9gico aplicado a la Planificaci\u00f3n\u00a0<br>*Gesti\u00f3n de procesos de planificaci\u00f3n en organizaciones p\u00fablicas<\/p>\n\n\n\n<ul class=\"wp-block-gallery columns-3 is-cropped wp-block-gallery-1 is-layout-flex wp-block-gallery-is-layout-flex\"><li class=\"blocks-gallery-item\"><figure><img decoding=\"async\" width=\"5760\" height=\"3840\" data-attachment-id=\"56229\" data-permalink=\"https:\/\/eldiariodesanpedro.com.ar\/sitio\/jornada-del-programa-mesas-de-dialogo\/bi4a9944-copia\/\" data-orig-file=\"https:\/\/eldiariodesanpedro.com.ar\/sitio\/wp-content\/uploads\/2019\/07\/BI4A9944-copia.jpg\" data-orig-size=\"5760,3840\" data-comments-opened=\"1\" data-image-meta=\"{&quot;aperture&quot;:&quot;4&quot;,&quot;credit&quot;:&quot;&quot;,&quot;camera&quot;:&quot;Canon EOS 5D Mark III&quot;,&quot;caption&quot;:&quot;&quot;,&quot;created_timestamp&quot;:&quot;1570962133&quot;,&quot;copyright&quot;:&quot;&quot;,&quot;focal_length&quot;:&quot;28&quot;,&quot;iso&quot;:&quot;1600&quot;,&quot;shutter_speed&quot;:&quot;0.016666666666667&quot;,&quot;title&quot;:&quot;&quot;,&quot;orientation&quot;:&quot;0&quot;}\" data-image-title=\"BI4A9944 &amp;#8211; copia\" data-image-description=\"\" data-image-caption=\"\" data-large-file=\"https:\/\/eldiariodesanpedro.com.ar\/sitio\/wp-content\/uploads\/2019\/07\/BI4A9944-copia-1024x683.jpg\" data-src=\"https:\/\/i0.wp.com\/eldiariodesanpedro.com.ar\/sitio\/wp-content\/uploads\/2019\/07\/BI4A9944-copia.jpg?fit=660%2C440\" alt=\"\" data-id=\"56229\" data-link=\"https:\/\/eldiariodesanpedro.com.ar\/sitio\/?attachment_id=56229\" class=\"wp-image-56229 lazyload\" data-srcset=\"https:\/\/eldiariodesanpedro.com.ar\/sitio\/wp-content\/uploads\/2019\/07\/BI4A9944-copia.jpg 5760w, https:\/\/eldiariodesanpedro.com.ar\/sitio\/wp-content\/uploads\/2019\/07\/BI4A9944-copia-300x200.jpg 300w, https:\/\/eldiariodesanpedro.com.ar\/sitio\/wp-content\/uploads\/2019\/07\/BI4A9944-copia-768x512.jpg 768w, https:\/\/eldiariodesanpedro.com.ar\/sitio\/wp-content\/uploads\/2019\/07\/BI4A9944-copia-1024x683.jpg 1024w\" data-sizes=\"(max-width: 5760px) 100vw, 5760px\" src=\"data:image\/svg+xml;base64,PHN2ZyB3aWR0aD0iMSIgaGVpZ2h0PSIxIiB4bWxucz0iaHR0cDovL3d3dy53My5vcmcvMjAwMC9zdmciPjwvc3ZnPg==\" style=\"--smush-placeholder-width: 5760px; --smush-placeholder-aspect-ratio: 5760\/3840;\" \/><\/figure><\/li><li class=\"blocks-gallery-item\"><figure><img decoding=\"async\" width=\"5760\" height=\"2332\" data-attachment-id=\"56230\" data-permalink=\"https:\/\/eldiariodesanpedro.com.ar\/sitio\/jornada-del-programa-mesas-de-dialogo\/1-copia\/\" data-orig-file=\"https:\/\/eldiariodesanpedro.com.ar\/sitio\/wp-content\/uploads\/2019\/07\/1-copia.jpg\" data-orig-size=\"5760,2332\" data-comments-opened=\"1\" data-image-meta=\"{&quot;aperture&quot;:&quot;4&quot;,&quot;credit&quot;:&quot;&quot;,&quot;camera&quot;:&quot;Canon EOS 5D Mark III&quot;,&quot;caption&quot;:&quot;&quot;,&quot;created_timestamp&quot;:&quot;1570962555&quot;,&quot;copyright&quot;:&quot;&quot;,&quot;focal_length&quot;:&quot;24&quot;,&quot;iso&quot;:&quot;1600&quot;,&quot;shutter_speed&quot;:&quot;0.016666666666667&quot;,&quot;title&quot;:&quot;&quot;,&quot;orientation&quot;:&quot;0&quot;}\" data-image-title=\"1 &amp;#8211; copia\" data-image-description=\"\" data-image-caption=\"\" data-large-file=\"https:\/\/eldiariodesanpedro.com.ar\/sitio\/wp-content\/uploads\/2019\/07\/1-copia-1024x415.jpg\" data-src=\"https:\/\/i0.wp.com\/eldiariodesanpedro.com.ar\/sitio\/wp-content\/uploads\/2019\/07\/1-copia.jpg?fit=660%2C267\" alt=\"\" data-id=\"56230\" data-link=\"https:\/\/eldiariodesanpedro.com.ar\/sitio\/?attachment_id=56230\" class=\"wp-image-56230 lazyload\" data-srcset=\"https:\/\/eldiariodesanpedro.com.ar\/sitio\/wp-content\/uploads\/2019\/07\/1-copia.jpg 5760w, https:\/\/eldiariodesanpedro.com.ar\/sitio\/wp-content\/uploads\/2019\/07\/1-copia-300x121.jpg 300w, https:\/\/eldiariodesanpedro.com.ar\/sitio\/wp-content\/uploads\/2019\/07\/1-copia-768x311.jpg 768w, https:\/\/eldiariodesanpedro.com.ar\/sitio\/wp-content\/uploads\/2019\/07\/1-copia-1024x415.jpg 1024w\" data-sizes=\"(max-width: 5760px) 100vw, 5760px\" src=\"data:image\/svg+xml;base64,PHN2ZyB3aWR0aD0iMSIgaGVpZ2h0PSIxIiB4bWxucz0iaHR0cDovL3d3dy53My5vcmcvMjAwMC9zdmciPjwvc3ZnPg==\" style=\"--smush-placeholder-width: 5760px; --smush-placeholder-aspect-ratio: 5760\/2332;\" \/><\/figure><\/li><li class=\"blocks-gallery-item\"><figure><img decoding=\"async\" width=\"5759\" height=\"3448\" data-attachment-id=\"56231\" data-permalink=\"https:\/\/eldiariodesanpedro.com.ar\/sitio\/jornada-del-programa-mesas-de-dialogo\/bi4a9936-copia\/\" data-orig-file=\"https:\/\/eldiariodesanpedro.com.ar\/sitio\/wp-content\/uploads\/2019\/07\/BI4A9936-copia.jpg\" data-orig-size=\"5759,3448\" data-comments-opened=\"1\" data-image-meta=\"{&quot;aperture&quot;:&quot;4&quot;,&quot;credit&quot;:&quot;&quot;,&quot;camera&quot;:&quot;Canon EOS 5D Mark III&quot;,&quot;caption&quot;:&quot;&quot;,&quot;created_timestamp&quot;:&quot;1570961905&quot;,&quot;copyright&quot;:&quot;&quot;,&quot;focal_length&quot;:&quot;55&quot;,&quot;iso&quot;:&quot;1600&quot;,&quot;shutter_speed&quot;:&quot;0.016666666666667&quot;,&quot;title&quot;:&quot;&quot;,&quot;orientation&quot;:&quot;0&quot;}\" data-image-title=\"BI4A9936 &amp;#8211; copia\" data-image-description=\"\" data-image-caption=\"\" data-large-file=\"https:\/\/eldiariodesanpedro.com.ar\/sitio\/wp-content\/uploads\/2019\/07\/BI4A9936-copia-1024x613.jpg\" data-src=\"https:\/\/i0.wp.com\/eldiariodesanpedro.com.ar\/sitio\/wp-content\/uploads\/2019\/07\/BI4A9936-copia.jpg?fit=660%2C395\" alt=\"\" data-id=\"56231\" data-link=\"https:\/\/eldiariodesanpedro.com.ar\/sitio\/?attachment_id=56231\" class=\"wp-image-56231 lazyload\" data-srcset=\"https:\/\/eldiariodesanpedro.com.ar\/sitio\/wp-content\/uploads\/2019\/07\/BI4A9936-copia.jpg 5759w, https:\/\/eldiariodesanpedro.com.ar\/sitio\/wp-content\/uploads\/2019\/07\/BI4A9936-copia-300x180.jpg 300w, https:\/\/eldiariodesanpedro.com.ar\/sitio\/wp-content\/uploads\/2019\/07\/BI4A9936-copia-768x460.jpg 768w, https:\/\/eldiariodesanpedro.com.ar\/sitio\/wp-content\/uploads\/2019\/07\/BI4A9936-copia-1024x613.jpg 1024w\" data-sizes=\"(max-width: 5759px) 100vw, 5759px\" src=\"data:image\/svg+xml;base64,PHN2ZyB3aWR0aD0iMSIgaGVpZ2h0PSIxIiB4bWxucz0iaHR0cDovL3d3dy53My5vcmcvMjAwMC9zdmciPjwvc3ZnPg==\" style=\"--smush-placeholder-width: 5759px; --smush-placeholder-aspect-ratio: 5759\/3448;\" \/><\/figure><\/li><\/ul>\n\n\n\n<p><br><\/p>\n","protected":false},"excerpt":{"rendered":"<p>Se realiz\u00f3 esta ma\u00f1ana en el Sal\u00f3n Dorado del Palacio Municipal, la jornada de capacitaci\u00f3n del Programa \u00abMesas de Di\u00e1logo\u00bb del Ministerio de Gobierno de la Provincia de Buenos Aires junto al Instituto Nacional de la Administraci\u00f3n P\u00fablica (INAP). La misma tuvo como eje central la \u00abPlanificaci\u00f3n Estrat\u00e9gica\u00bb y cont\u00f3 con la participaci\u00f3n de funcionarios [&hellip;]<\/p>\n","protected":false},"author":4,"featured_media":56231,"comment_status":"open","ping_status":"closed","sticky":false,"template":"","format":"standard","meta":{"om_disable_all_campaigns":false,"_jetpack_memberships_contains_paid_content":false,"footnotes":""},"categories":[101,2],"tags":[],"class_list":["post-56228","post","type-post","status-publish","format-standard","has-post-thumbnail","hentry","category-interes-general-locales","category-locales"],"aioseo_notices":[],"gutentor_comment":0,"jetpack_featured_media_url":"https:\/\/eldiariodesanpedro.com.ar\/sitio\/wp-content\/uploads\/2019\/07\/BI4A9936-copia.jpg","jetpack_shortlink":"https:\/\/wp.me\/p6RhLt-eCU","jetpack_sharing_enabled":true,"_links":{"self":[{"href":"https:\/\/eldiariodesanpedro.com.ar\/sitio\/wp-json\/wp\/v2\/posts\/56228","targetHints":{"allow":["GET"]}}],"collection":[{"href":"https:\/\/eldiariodesanpedro.com.ar\/sitio\/wp-json\/wp\/v2\/posts"}],"about":[{"href":"https:\/\/eldiariodesanpedro.com.ar\/sitio\/wp-json\/wp\/v2\/types\/post"}],"author":[{"embeddable":true,"href":"https:\/\/eldiariodesanpedro.com.ar\/sitio\/wp-json\/wp\/v2\/users\/4"}],"replies":[{"embeddable":true,"href":"https:\/\/eldiariodesanpedro.com.ar\/sitio\/wp-json\/wp\/v2\/comments?post=56228"}],"version-history":[{"count":1,"href":"https:\/\/eldiariodesanpedro.com.ar\/sitio\/wp-json\/wp\/v2\/posts\/56228\/revisions"}],"predecessor-version":[{"id":56232,"href":"https:\/\/eldiariodesanpedro.com.ar\/sitio\/wp-json\/wp\/v2\/posts\/56228\/revisions\/56232"}],"wp:featuredmedia":[{"embeddable":true,"href":"https:\/\/eldiariodesanpedro.com.ar\/sitio\/wp-json\/wp\/v2\/media\/56231"}],"wp:attachment":[{"href":"https:\/\/eldiariodesanpedro.com.ar\/sitio\/wp-json\/wp\/v2\/media?parent=56228"}],"wp:term":[{"taxonomy":"category","embeddable":true,"href":"https:\/\/eldiariodesanpedro.com.ar\/sitio\/wp-json\/wp\/v2\/categories?post=56228"},{"taxonomy":"post_tag","embeddable":true,"href":"https:\/\/eldiariodesanpedro.com.ar\/sitio\/wp-json\/wp\/v2\/tags?post=56228"}],"curies":[{"name":"wp","href":"https:\/\/api.w.org\/{rel}","templated":true}]}}