{"id":56218,"date":"2019-07-16T19:04:22","date_gmt":"2019-07-16T22:04:22","guid":{"rendered":"https:\/\/eldiariodesanpedro.com.ar\/sitio\/?p=56218"},"modified":"2019-07-16T19:04:29","modified_gmt":"2019-07-16T22:04:29","slug":"campana-choco-huyo-volvio-a-chocar-y-lo-atraparon","status":"publish","type":"post","link":"https:\/\/eldiariodesanpedro.com.ar\/sitio\/campana-choco-huyo-volvio-a-chocar-y-lo-atraparon\/","title":{"rendered":"CAMPANA: Choc\u00f3, huy\u00f3, volvi\u00f3 a chocar, y lo atraparon"},"content":{"rendered":"<!-- VideographyWP Plugin Message: Automatic video embedding prevented by plugin options. -->\n\n<p> El primer accidente ocurri\u00f3 en Av. Varela y Del Pino, cuando un auto impact\u00f3 con una camioneta. El menor veh\u00edculo se dio a la fuga, siendo perseguido por el otro veh\u00edculo. Al ingresar a Villanueva, el autom\u00f3vil choc\u00f3 con otro. Ante un segundo intento de fuga, vecinos lograron retener al fren\u00e9tico automovilista hasta la llegada de la Polic\u00eda. <\/p>\n\n\n\n<p>\n\nUn extra\u00f1o episodio y una seguidilla de accidentes, en donde un conductor se negaba a detenerse y segu\u00eda chocando. Todo comenz\u00f3 cerca de las 20.30 hs, en la esquina de Av. Varela y Del Pino.<\/p>\n\n\n\n<p>Un Fiat Palio que circulaba por la Avenida impact\u00f3 a una camioneta Ford Ranger en la que viajaba una pareja. El automovilista no se detuvo y la camioneta lo persigui\u00f3 hasta llegar al barrio Villanueva.<\/p>\n\n\n\n<p>All\u00ed, el Palio ingres\u00f3 por calle Maip\u00fa, pero al llegar a la esquina de Castilla, colisiona con un Volkswagen. Ins\u00f3litamente, nuevamente el conductor del Fiat intenta alejarse, pero esta vez, vecinos del lugar lograron retenerlo al llegar a la esquina de Maip\u00fa y Berutti.<\/p>\n\n\n\n<p>Dos patrulleros, un m\u00f3vil de comisar\u00eda y otro correspondiente a la zona 7 del CP local llegaron hasta el lugar. Finalmente, el m\u00f3vil n\u00famero 1 del Same a cargo de la Dra. Noguero termin\u00f3 trasladando al conductor del Palio al hospital local, por precauci\u00f3n.\n\n<\/p>\n","protected":false},"excerpt":{"rendered":"<p>El primer accidente ocurri\u00f3 en Av. Varela y Del Pino, cuando un auto impact\u00f3 con una camioneta. El menor veh\u00edculo se dio a la fuga, siendo perseguido por el otro veh\u00edculo. Al ingresar a Villanueva, el autom\u00f3vil choc\u00f3 con otro. Ante un segundo intento de fuga, vecinos lograron retener al fren\u00e9tico automovilista hasta la llegada [&hellip;]<\/p>\n","protected":false},"author":4,"featured_media":26677,"comment_status":"open","ping_status":"closed","sticky":false,"template":"","format":"standard","meta":{"om_disable_all_campaigns":false,"_jetpack_memberships_contains_paid_content":false,"footnotes":""},"categories":[621],"tags":[],"class_list":["post-56218","post","type-post","status-publish","format-standard","has-post-thumbnail","hentry","category-regionales"],"aioseo_notices":[],"gutentor_comment":0,"jetpack_featured_media_url":"https:\/\/eldiariodesanpedro.com.ar\/sitio\/wp-content\/uploads\/2017\/12\/patrullas-policia-noche.jpg","jetpack_shortlink":"https:\/\/wp.me\/p6RhLt-eCK","jetpack_sharing_enabled":true,"_links":{"self":[{"href":"https:\/\/eldiariodesanpedro.com.ar\/sitio\/wp-json\/wp\/v2\/posts\/56218","targetHints":{"allow":["GET"]}}],"collection":[{"href":"https:\/\/eldiariodesanpedro.com.ar\/sitio\/wp-json\/wp\/v2\/posts"}],"about":[{"href":"https:\/\/eldiariodesanpedro.com.ar\/sitio\/wp-json\/wp\/v2\/types\/post"}],"author":[{"embeddable":true,"href":"https:\/\/eldiariodesanpedro.com.ar\/sitio\/wp-json\/wp\/v2\/users\/4"}],"replies":[{"embeddable":true,"href":"https:\/\/eldiariodesanpedro.com.ar\/sitio\/wp-json\/wp\/v2\/comments?post=56218"}],"version-history":[{"count":1,"href":"https:\/\/eldiariodesanpedro.com.ar\/sitio\/wp-json\/wp\/v2\/posts\/56218\/revisions"}],"predecessor-version":[{"id":56219,"href":"https:\/\/eldiariodesanpedro.com.ar\/sitio\/wp-json\/wp\/v2\/posts\/56218\/revisions\/56219"}],"wp:featuredmedia":[{"embeddable":true,"href":"https:\/\/eldiariodesanpedro.com.ar\/sitio\/wp-json\/wp\/v2\/media\/26677"}],"wp:attachment":[{"href":"https:\/\/eldiariodesanpedro.com.ar\/sitio\/wp-json\/wp\/v2\/media?parent=56218"}],"wp:term":[{"taxonomy":"category","embeddable":true,"href":"https:\/\/eldiariodesanpedro.com.ar\/sitio\/wp-json\/wp\/v2\/categories?post=56218"},{"taxonomy":"post_tag","embeddable":true,"href":"https:\/\/eldiariodesanpedro.com.ar\/sitio\/wp-json\/wp\/v2\/tags?post=56218"}],"curies":[{"name":"wp","href":"https:\/\/api.w.org\/{rel}","templated":true}]}}