{"id":56215,"date":"2019-07-16T19:01:37","date_gmt":"2019-07-16T22:01:37","guid":{"rendered":"https:\/\/eldiariodesanpedro.com.ar\/sitio\/?p=56215"},"modified":"2019-07-16T19:01:45","modified_gmt":"2019-07-16T22:01:45","slug":"baradero-se-cumplen-46-anos-de-la-nevada-del-73","status":"publish","type":"post","link":"https:\/\/eldiariodesanpedro.com.ar\/sitio\/baradero-se-cumplen-46-anos-de-la-nevada-del-73\/","title":{"rendered":"BARADERO: Se Cumplen 46 a\u00f1os de la nevada del 73"},"content":{"rendered":"<!-- VideographyWP Plugin Message: Automatic video embedding prevented by plugin options. -->\n\n<p>El 16 de Julio de 1973 no fue un d\u00eda m\u00e1s para nuestra ciudad. Baradero se vest\u00eda de blanco gracias a una intensa nevada que cubri\u00f3 toda la cabecera y el partido.<\/p>\n\n\n\n<p>El \u00fanico registro f\u00edlmico de aquel momento pertenece a la familia Rivarola, fue realizado en cinta super 8 y digitalizado para el canal de You Tube Filmoteca Baradero.<\/p>\n\n\n\n<p>Hoy se cumplen 46 a\u00f1os de aquel d\u00eda recordado por los m\u00e1s memoriosos vecinos.<br><\/p>\n","protected":false},"excerpt":{"rendered":"<p>El 16 de Julio de 1973 no fue un d\u00eda m\u00e1s para nuestra ciudad. Baradero se vest\u00eda de blanco gracias a una intensa nevada que cubri\u00f3 toda la cabecera y el partido. El \u00fanico registro f\u00edlmico de aquel momento pertenece a la familia Rivarola, fue realizado en cinta super 8 y digitalizado para el canal [&hellip;]<\/p>\n","protected":false},"author":4,"featured_media":56216,"comment_status":"open","ping_status":"closed","sticky":false,"template":"","format":"standard","meta":{"om_disable_all_campaigns":false,"_jetpack_memberships_contains_paid_content":false,"footnotes":""},"categories":[621],"tags":[],"class_list":["post-56215","post","type-post","status-publish","format-standard","has-post-thumbnail","hentry","category-regionales"],"aioseo_notices":[],"gutentor_comment":0,"jetpack_featured_media_url":"https:\/\/eldiariodesanpedro.com.ar\/sitio\/wp-content\/uploads\/2019\/07\/Sin-t\u00edtulo-3.jpg","jetpack_shortlink":"https:\/\/wp.me\/p6RhLt-eCH","jetpack_sharing_enabled":true,"_links":{"self":[{"href":"https:\/\/eldiariodesanpedro.com.ar\/sitio\/wp-json\/wp\/v2\/posts\/56215","targetHints":{"allow":["GET"]}}],"collection":[{"href":"https:\/\/eldiariodesanpedro.com.ar\/sitio\/wp-json\/wp\/v2\/posts"}],"about":[{"href":"https:\/\/eldiariodesanpedro.com.ar\/sitio\/wp-json\/wp\/v2\/types\/post"}],"author":[{"embeddable":true,"href":"https:\/\/eldiariodesanpedro.com.ar\/sitio\/wp-json\/wp\/v2\/users\/4"}],"replies":[{"embeddable":true,"href":"https:\/\/eldiariodesanpedro.com.ar\/sitio\/wp-json\/wp\/v2\/comments?post=56215"}],"version-history":[{"count":1,"href":"https:\/\/eldiariodesanpedro.com.ar\/sitio\/wp-json\/wp\/v2\/posts\/56215\/revisions"}],"predecessor-version":[{"id":56217,"href":"https:\/\/eldiariodesanpedro.com.ar\/sitio\/wp-json\/wp\/v2\/posts\/56215\/revisions\/56217"}],"wp:featuredmedia":[{"embeddable":true,"href":"https:\/\/eldiariodesanpedro.com.ar\/sitio\/wp-json\/wp\/v2\/media\/56216"}],"wp:attachment":[{"href":"https:\/\/eldiariodesanpedro.com.ar\/sitio\/wp-json\/wp\/v2\/media?parent=56215"}],"wp:term":[{"taxonomy":"category","embeddable":true,"href":"https:\/\/eldiariodesanpedro.com.ar\/sitio\/wp-json\/wp\/v2\/categories?post=56215"},{"taxonomy":"post_tag","embeddable":true,"href":"https:\/\/eldiariodesanpedro.com.ar\/sitio\/wp-json\/wp\/v2\/tags?post=56215"}],"curies":[{"name":"wp","href":"https:\/\/api.w.org\/{rel}","templated":true}]}}