{"id":5621,"date":"2016-06-21T19:14:44","date_gmt":"2016-06-21T22:14:44","guid":{"rendered":"https:\/\/eldiariodesanpedro.com.ar\/sitio\/?p=5621"},"modified":"2016-06-21T19:14:44","modified_gmt":"2016-06-21T22:14:44","slug":"jornada-de-trabajo-con-la-directora-provincial-de-planeamiento-portuario","status":"publish","type":"post","link":"https:\/\/eldiariodesanpedro.com.ar\/sitio\/jornada-de-trabajo-con-la-directora-provincial-de-planeamiento-portuario\/","title":{"rendered":"Jornada de trabajo con la directora provincial de Planeamiento Portuario"},"content":{"rendered":"<p><!-- VideographyWP Plugin Message: Automatic video embedding prevented by plugin options. --><br \/>\nEl jueves pasado en el Sal\u00f3n de los Espejos del Centro de Comercio, el Consorcio de Gesti\u00f3n del Puerto de San Pedro organiz\u00f3 una interesante jornada de acercamiento entre representantes de la nueva administraci\u00f3n portuaria provincial y todos los sectores que componen la operatoria local.<br \/>\nAnte el panorama actual que se presenta, es sumamente importante que quienes tienen a su cargo las responsabilidades fundamentales en esta materia, conozcan directamente la estrategia que se desplegar\u00e1 en los pr\u00f3ximos a\u00f1os y los planes espec\u00edficos para puertos como el de San Pedro.<br \/>\nLa licenciada Marisa Ram\u00edrez, directora provincial de Planeamiento Portuario, quien viene encabezando encuentros de este tipo en diferentes puertos bonaerenses y en San Pedro, junto a miembros del Consorcio, empresarios y dirigentes, habl\u00f3 sobre la intenci\u00f3n de una planificaci\u00f3n conjunta y de una importante apertura para escuchar a los usuarios para que, con una visi\u00f3n compartida de la situaci\u00f3n y las necesidades, se puedan elevar a la Subsecretar\u00eda todas las inquietudes con el fin de obtener una r\u00e1pida respuesta.<br \/>\nLa consolidaci\u00f3n de un puerto especializado en alimentos, con un extremo cuidado de las instalaciones primarias y todo su entorno, la agilizaci\u00f3n de los tr\u00e1mites de dragado (que en San Pedro representa una cuesti\u00f3n prioritaria y urgente), el fortalecimiento de los interpuertos como espacios conectados para almacenar mercader\u00edas y modificaciones fundamentales en las exigencias que hoy existen para el mantenimiento del calado en la Hidrov\u00eda que deber\u00edan extenderse hacia los accesos a los puertos y el modo de contrataci\u00f3n de los dragados, fueron parte de un debate que fue muy valorado por todos, especialmente por los operadores que consideran que esta etapa de di\u00e1logo e intercambio modifica las relaciones en el presente y puede ser muy positiva en el futuro.<br \/>\nDesde el Consorcio de Gesti\u00f3n se contin\u00faa a la espera de la concreci\u00f3n del dragado de emergencia que se solicit\u00f3 a principios de este mes y que resulta imprescindible para acompa\u00f1ar las excelentes perspectivas de la temporada en pleno desarrollo.<\/p>\n","protected":false},"excerpt":{"rendered":"<p>El jueves pasado en el Sal\u00f3n de los Espejos del Centro de Comercio, el Consorcio de Gesti\u00f3n del Puerto de San Pedro organiz\u00f3 una interesante jornada de acercamiento entre representantes de la nueva administraci\u00f3n portuaria provincial y todos los sectores que componen la operatoria local. Ante el panorama actual que se presenta, es sumamente importante [&hellip;]<\/p>\n","protected":false},"author":4,"featured_media":5622,"comment_status":"open","ping_status":"closed","sticky":false,"template":"","format":"standard","meta":{"om_disable_all_campaigns":false,"_jetpack_memberships_contains_paid_content":false,"footnotes":""},"categories":[101,2],"tags":[],"class_list":["post-5621","post","type-post","status-publish","format-standard","has-post-thumbnail","hentry","category-interes-general-locales","category-locales"],"aioseo_notices":[],"gutentor_comment":0,"jetpack_featured_media_url":"https:\/\/eldiariodesanpedro.com.ar\/sitio\/wp-content\/uploads\/2016\/06\/planeamiento-purtuario.jpg","jetpack_shortlink":"https:\/\/wp.me\/p6RhLt-1sF","jetpack_sharing_enabled":true,"_links":{"self":[{"href":"https:\/\/eldiariodesanpedro.com.ar\/sitio\/wp-json\/wp\/v2\/posts\/5621","targetHints":{"allow":["GET"]}}],"collection":[{"href":"https:\/\/eldiariodesanpedro.com.ar\/sitio\/wp-json\/wp\/v2\/posts"}],"about":[{"href":"https:\/\/eldiariodesanpedro.com.ar\/sitio\/wp-json\/wp\/v2\/types\/post"}],"author":[{"embeddable":true,"href":"https:\/\/eldiariodesanpedro.com.ar\/sitio\/wp-json\/wp\/v2\/users\/4"}],"replies":[{"embeddable":true,"href":"https:\/\/eldiariodesanpedro.com.ar\/sitio\/wp-json\/wp\/v2\/comments?post=5621"}],"version-history":[{"count":1,"href":"https:\/\/eldiariodesanpedro.com.ar\/sitio\/wp-json\/wp\/v2\/posts\/5621\/revisions"}],"predecessor-version":[{"id":5623,"href":"https:\/\/eldiariodesanpedro.com.ar\/sitio\/wp-json\/wp\/v2\/posts\/5621\/revisions\/5623"}],"wp:featuredmedia":[{"embeddable":true,"href":"https:\/\/eldiariodesanpedro.com.ar\/sitio\/wp-json\/wp\/v2\/media\/5622"}],"wp:attachment":[{"href":"https:\/\/eldiariodesanpedro.com.ar\/sitio\/wp-json\/wp\/v2\/media?parent=5621"}],"wp:term":[{"taxonomy":"category","embeddable":true,"href":"https:\/\/eldiariodesanpedro.com.ar\/sitio\/wp-json\/wp\/v2\/categories?post=5621"},{"taxonomy":"post_tag","embeddable":true,"href":"https:\/\/eldiariodesanpedro.com.ar\/sitio\/wp-json\/wp\/v2\/tags?post=5621"}],"curies":[{"name":"wp","href":"https:\/\/api.w.org\/{rel}","templated":true}]}}