{"id":56209,"date":"2019-07-16T18:50:27","date_gmt":"2019-07-16T21:50:27","guid":{"rendered":"https:\/\/eldiariodesanpedro.com.ar\/sitio\/?p=56209"},"modified":"2019-07-16T18:50:31","modified_gmt":"2019-07-16T21:50:31","slug":"nuevo-sistema-de-identificacion-para-la-especie-equina","status":"publish","type":"post","link":"https:\/\/eldiariodesanpedro.com.ar\/sitio\/nuevo-sistema-de-identificacion-para-la-especie-equina\/","title":{"rendered":"Nuevo sistema de identificaci\u00f3n para la especie equina"},"content":{"rendered":"<!-- VideographyWP Plugin Message: Automatic video embedding prevented by plugin options. -->\n\n<p>A trav\u00e9s de la Ley 13.627 DUE y su decreto reglamentario 1734\/2011 se implementa un nuevo sistema de identificaci\u00f3n para la especie equina radicada en la provincia de Buenos Aires.<\/p>\n\n\n\n<p>La misma consiste en el implante de un chip en el cuello del animal y la emisi\u00f3n de un Documento Equino con todos los datos del mismo.Por dicho motivo se establece como fecha l\u00edmite para la utilizaci\u00f3n de la gu\u00eda \u00fanica de traslado el 31 de diciembre pr\u00f3ximo\u00a0 y se pide a los propietarios dirigirse al municipio donde tengan registrados los equinos en sus oficinas de gu\u00edas para ser asesorados sobre dicha implementacion.<\/p>\n\n\n\n<p><br>OFICINA DE MARCAS Y GU\u00cdAS SECRETAR\u00cdA DE SEGURIDAD MUNICIPALIDAD DE SAN PEDRO<br><\/p>\n","protected":false},"excerpt":{"rendered":"<p>A trav\u00e9s de la Ley 13.627 DUE y su decreto reglamentario 1734\/2011 se implementa un nuevo sistema de identificaci\u00f3n para la especie equina radicada en la provincia de Buenos Aires. La misma consiste en el implante de un chip en el cuello del animal y la emisi\u00f3n de un Documento Equino con todos los datos [&hellip;]<\/p>\n","protected":false},"author":4,"featured_media":56210,"comment_status":"open","ping_status":"closed","sticky":false,"template":"","format":"standard","meta":{"om_disable_all_campaigns":false,"_jetpack_memberships_contains_paid_content":false,"footnotes":""},"categories":[101,2],"tags":[],"class_list":["post-56209","post","type-post","status-publish","format-standard","has-post-thumbnail","hentry","category-interes-general-locales","category-locales"],"aioseo_notices":[],"gutentor_comment":0,"jetpack_featured_media_url":"https:\/\/eldiariodesanpedro.com.ar\/sitio\/wp-content\/uploads\/2019\/07\/twoo-horses-1366x768-wallpaper-3349.jpg","jetpack_shortlink":"https:\/\/wp.me\/p6RhLt-eCB","jetpack_sharing_enabled":true,"_links":{"self":[{"href":"https:\/\/eldiariodesanpedro.com.ar\/sitio\/wp-json\/wp\/v2\/posts\/56209","targetHints":{"allow":["GET"]}}],"collection":[{"href":"https:\/\/eldiariodesanpedro.com.ar\/sitio\/wp-json\/wp\/v2\/posts"}],"about":[{"href":"https:\/\/eldiariodesanpedro.com.ar\/sitio\/wp-json\/wp\/v2\/types\/post"}],"author":[{"embeddable":true,"href":"https:\/\/eldiariodesanpedro.com.ar\/sitio\/wp-json\/wp\/v2\/users\/4"}],"replies":[{"embeddable":true,"href":"https:\/\/eldiariodesanpedro.com.ar\/sitio\/wp-json\/wp\/v2\/comments?post=56209"}],"version-history":[{"count":1,"href":"https:\/\/eldiariodesanpedro.com.ar\/sitio\/wp-json\/wp\/v2\/posts\/56209\/revisions"}],"predecessor-version":[{"id":56211,"href":"https:\/\/eldiariodesanpedro.com.ar\/sitio\/wp-json\/wp\/v2\/posts\/56209\/revisions\/56211"}],"wp:featuredmedia":[{"embeddable":true,"href":"https:\/\/eldiariodesanpedro.com.ar\/sitio\/wp-json\/wp\/v2\/media\/56210"}],"wp:attachment":[{"href":"https:\/\/eldiariodesanpedro.com.ar\/sitio\/wp-json\/wp\/v2\/media?parent=56209"}],"wp:term":[{"taxonomy":"category","embeddable":true,"href":"https:\/\/eldiariodesanpedro.com.ar\/sitio\/wp-json\/wp\/v2\/categories?post=56209"},{"taxonomy":"post_tag","embeddable":true,"href":"https:\/\/eldiariodesanpedro.com.ar\/sitio\/wp-json\/wp\/v2\/tags?post=56209"}],"curies":[{"name":"wp","href":"https:\/\/api.w.org\/{rel}","templated":true}]}}