{"id":56207,"date":"2019-07-16T18:45:09","date_gmt":"2019-07-16T21:45:09","guid":{"rendered":"https:\/\/eldiariodesanpedro.com.ar\/sitio\/?p=56207"},"modified":"2019-07-16T18:45:13","modified_gmt":"2019-07-16T21:45:13","slug":"la-sociedad-rural-envio-un-comunicado-respaldando-el-accionar-de-la-patrulla-rural","status":"publish","type":"post","link":"https:\/\/eldiariodesanpedro.com.ar\/sitio\/la-sociedad-rural-envio-un-comunicado-respaldando-el-accionar-de-la-patrulla-rural\/","title":{"rendered":"La Sociedad Rural envi\u00f3 un comunicado respaldando el accionar de la Patrulla Rural"},"content":{"rendered":"<!-- VideographyWP Plugin Message: Automatic video embedding prevented by plugin options. -->\n\n<p>Tras conocerse una denuncia p\u00fablicamente por un ciudadano a quien secuestraron su camioneta tras sufrir un desperfecto mec\u00e1nico en un camino rural , a cambio de devolv\u00e9rsela, supuestamente,  los efectivos rurales le pidieron un lech\u00f3n.  El conductor ten\u00eda la tarjeta verde a nombre de otra persona,. Por tal motivo la Sociedad Rural envi\u00f3 a los medios de comunicacion un comunicado a favor del accionar policial, sosteniendo que todos debemos cumplir la Ley para circular y no justificar con acusaciones que perjudiquen a la fuerza.<\/p>\n\n\n\n<p>El comunicado: \u00abLa Sociedad Rural de San Pedro expresa su respaldo al accionar de la Patrulla Rural en los operativos de control en la zona.\u00a0<br>Del mismo modo rechaza los cuestionamientos difundidos p\u00fablicamente por una persona que recurri\u00f3 a acusaciones, para justificar el secuestro de sus veh\u00edculos, por el incumplimiento de las normas que todos los ciudadanos debemos cumplir para circular.<\/p>\n\n\n\n<p>Sostenemos que todos somos iguales ante la Ley y que ante situaciones, como un supuesto pedido de d\u00e1diva para no aplicar este procedimiento por no contar con documentaci\u00f3n habilitante para transitar, se debe realizar la denuncia pertinente.&nbsp;<\/p>\n\n\n\n<p>Al margen de las condiciones en las que sucedieron los hechos, creemos que el personal que cumple la tarea de patrullar la zona, merece todo nuestro apoyo, y no puede debilitarse ante falsas acusaciones y denuncias medi\u00e1ticas que no siempre se corroboran antes de su divulgaci\u00f3n\u00bb.<br><strong><br><br>Sociedad Rural de San Pedro 16 de Julio de 2019<\/strong><\/p>\n","protected":false},"excerpt":{"rendered":"<p>Tras conocerse una denuncia p\u00fablicamente por un ciudadano a quien secuestraron su camioneta tras sufrir un desperfecto mec\u00e1nico en un camino rural , a cambio de devolv\u00e9rsela, supuestamente, los efectivos rurales le pidieron un lech\u00f3n. El conductor ten\u00eda la tarjeta verde a nombre de otra persona,. Por tal motivo la Sociedad Rural envi\u00f3 a los [&hellip;]<\/p>\n","protected":false},"author":4,"featured_media":40358,"comment_status":"open","ping_status":"closed","sticky":false,"template":"","format":"standard","meta":{"om_disable_all_campaigns":false,"_jetpack_memberships_contains_paid_content":false,"footnotes":""},"categories":[50,101,2],"tags":[],"class_list":["post-56207","post","type-post","status-publish","format-standard","has-post-thumbnail","hentry","category-destacadas","category-interes-general-locales","category-locales"],"aioseo_notices":[],"gutentor_comment":0,"jetpack_featured_media_url":"https:\/\/eldiariodesanpedro.com.ar\/sitio\/wp-content\/uploads\/2018\/09\/patrulla-rural.jpg","jetpack_shortlink":"https:\/\/wp.me\/p6RhLt-eCz","jetpack_sharing_enabled":true,"_links":{"self":[{"href":"https:\/\/eldiariodesanpedro.com.ar\/sitio\/wp-json\/wp\/v2\/posts\/56207","targetHints":{"allow":["GET"]}}],"collection":[{"href":"https:\/\/eldiariodesanpedro.com.ar\/sitio\/wp-json\/wp\/v2\/posts"}],"about":[{"href":"https:\/\/eldiariodesanpedro.com.ar\/sitio\/wp-json\/wp\/v2\/types\/post"}],"author":[{"embeddable":true,"href":"https:\/\/eldiariodesanpedro.com.ar\/sitio\/wp-json\/wp\/v2\/users\/4"}],"replies":[{"embeddable":true,"href":"https:\/\/eldiariodesanpedro.com.ar\/sitio\/wp-json\/wp\/v2\/comments?post=56207"}],"version-history":[{"count":1,"href":"https:\/\/eldiariodesanpedro.com.ar\/sitio\/wp-json\/wp\/v2\/posts\/56207\/revisions"}],"predecessor-version":[{"id":56208,"href":"https:\/\/eldiariodesanpedro.com.ar\/sitio\/wp-json\/wp\/v2\/posts\/56207\/revisions\/56208"}],"wp:featuredmedia":[{"embeddable":true,"href":"https:\/\/eldiariodesanpedro.com.ar\/sitio\/wp-json\/wp\/v2\/media\/40358"}],"wp:attachment":[{"href":"https:\/\/eldiariodesanpedro.com.ar\/sitio\/wp-json\/wp\/v2\/media?parent=56207"}],"wp:term":[{"taxonomy":"category","embeddable":true,"href":"https:\/\/eldiariodesanpedro.com.ar\/sitio\/wp-json\/wp\/v2\/categories?post=56207"},{"taxonomy":"post_tag","embeddable":true,"href":"https:\/\/eldiariodesanpedro.com.ar\/sitio\/wp-json\/wp\/v2\/tags?post=56207"}],"curies":[{"name":"wp","href":"https:\/\/api.w.org\/{rel}","templated":true}]}}