{"id":56203,"date":"2019-07-16T18:59:36","date_gmt":"2019-07-16T21:59:36","guid":{"rendered":"https:\/\/eldiariodesanpedro.com.ar\/sitio\/?p=56203"},"modified":"2019-07-16T18:59:40","modified_gmt":"2019-07-16T21:59:40","slug":"zarate-preocupacion-vecinal-por-fuerte-olor-a-gas-en-gran-parte-de-la-zona","status":"publish","type":"post","link":"https:\/\/eldiariodesanpedro.com.ar\/sitio\/zarate-preocupacion-vecinal-por-fuerte-olor-a-gas-en-gran-parte-de-la-zona\/","title":{"rendered":"Z\u00c1RATE: Preocupaci\u00f3n vecinal por fuerte olor a gas en gran parte de la zona"},"content":{"rendered":"<!-- VideographyWP Plugin Message: Automatic video embedding prevented by plugin options. -->\n\n<p><strong>Numerosos llamados y mensajes a nuestro medio, como tambi\u00e9n a DPU y Bomberos dan cuenta de un preocupante olor a gas que se percibe en distintos puntos de la ciudad.<\/strong><\/p>\n\n\n\n<p>Los reportes llegaron desde barrio Los Ceibos hasta Villa Fox y el Centro de Z\u00e1rate. Incluso tambi\u00e9n en Campana.<\/p>\n\n\n\n<p>Desde las autoridades a\u00fan no emitieron comunicaci\u00f3n ni advertencia alguna pero confirmaron en DPU la gran cantidad de llamados por parte de vecinos preocupados.<\/p>\n\n\n\n<p>Por el momento se desconocen las causas del inconveniente pero, para tranquilidad de los lectores que se comunicaron, se descarta que provenga de la refiner\u00eda Axion ubicada en la vecina ciudad, ya que no trabaja con ese tipo de elemento.<\/p>\n\n\n\n<p><strong>Fuente:&nbsp;<\/strong>Noticias Z\u00e1rate Alerta<\/p>\n","protected":false},"excerpt":{"rendered":"<p>Numerosos llamados y mensajes a nuestro medio, como tambi\u00e9n a DPU y Bomberos dan cuenta de un preocupante olor a gas que se percibe en distintos puntos de la ciudad. Los reportes llegaron desde barrio Los Ceibos hasta Villa Fox y el Centro de Z\u00e1rate. Incluso tambi\u00e9n en Campana. Desde las autoridades a\u00fan no emitieron [&hellip;]<\/p>\n","protected":false},"author":4,"featured_media":56212,"comment_status":"open","ping_status":"closed","sticky":false,"template":"","format":"standard","meta":{"om_disable_all_campaigns":false,"_jetpack_memberships_contains_paid_content":false,"footnotes":""},"categories":[621],"tags":[],"class_list":["post-56203","post","type-post","status-publish","format-standard","has-post-thumbnail","hentry","category-regionales"],"aioseo_notices":[],"gutentor_comment":0,"jetpack_featured_media_url":"https:\/\/eldiariodesanpedro.com.ar\/sitio\/wp-content\/uploads\/2019\/07\/auno504275-7e285abfdc3da8c3bda1a990ca75dbfe-600x400.jpg","jetpack_shortlink":"https:\/\/wp.me\/p6RhLt-eCv","jetpack_sharing_enabled":true,"_links":{"self":[{"href":"https:\/\/eldiariodesanpedro.com.ar\/sitio\/wp-json\/wp\/v2\/posts\/56203","targetHints":{"allow":["GET"]}}],"collection":[{"href":"https:\/\/eldiariodesanpedro.com.ar\/sitio\/wp-json\/wp\/v2\/posts"}],"about":[{"href":"https:\/\/eldiariodesanpedro.com.ar\/sitio\/wp-json\/wp\/v2\/types\/post"}],"author":[{"embeddable":true,"href":"https:\/\/eldiariodesanpedro.com.ar\/sitio\/wp-json\/wp\/v2\/users\/4"}],"replies":[{"embeddable":true,"href":"https:\/\/eldiariodesanpedro.com.ar\/sitio\/wp-json\/wp\/v2\/comments?post=56203"}],"version-history":[{"count":1,"href":"https:\/\/eldiariodesanpedro.com.ar\/sitio\/wp-json\/wp\/v2\/posts\/56203\/revisions"}],"predecessor-version":[{"id":56213,"href":"https:\/\/eldiariodesanpedro.com.ar\/sitio\/wp-json\/wp\/v2\/posts\/56203\/revisions\/56213"}],"wp:featuredmedia":[{"embeddable":true,"href":"https:\/\/eldiariodesanpedro.com.ar\/sitio\/wp-json\/wp\/v2\/media\/56212"}],"wp:attachment":[{"href":"https:\/\/eldiariodesanpedro.com.ar\/sitio\/wp-json\/wp\/v2\/media?parent=56203"}],"wp:term":[{"taxonomy":"category","embeddable":true,"href":"https:\/\/eldiariodesanpedro.com.ar\/sitio\/wp-json\/wp\/v2\/categories?post=56203"},{"taxonomy":"post_tag","embeddable":true,"href":"https:\/\/eldiariodesanpedro.com.ar\/sitio\/wp-json\/wp\/v2\/tags?post=56203"}],"curies":[{"name":"wp","href":"https:\/\/api.w.org\/{rel}","templated":true}]}}