{"id":56200,"date":"2019-07-16T18:18:02","date_gmt":"2019-07-16T21:18:02","guid":{"rendered":"https:\/\/eldiariodesanpedro.com.ar\/sitio\/?p=56200"},"modified":"2019-07-16T18:18:06","modified_gmt":"2019-07-16T21:18:06","slug":"san-nicolas-tras-relocalizacion-derrumban-viviendas-en-la-costanera","status":"publish","type":"post","link":"https:\/\/eldiariodesanpedro.com.ar\/sitio\/san-nicolas-tras-relocalizacion-derrumban-viviendas-en-la-costanera\/","title":{"rendered":"SAN NICOL\u00c1S: Tras relocalizaci\u00f3n, derrumban viviendas en la Costanera"},"content":{"rendered":"<!-- VideographyWP Plugin Message: Automatic video embedding prevented by plugin options. -->\n\n<p>Las m\u00e1quinas topadoras ya est\u00e1n trabajando en el ingreso a la costanera, derrumbando las viviendas que se encontraban en la zona del Santuario.<br><br>Las familias fueron relocalizadas en barrio Alto Verde, siendo adjudicadas de viviendas de 55 metros cuadrado, con dos dormitorios, cocina, ba\u00f1o y un amplio patio.<br><br>Las tareas de demolici\u00f3n tienen como objetivo, evitar que se asienten otras personas. Ese terreno ser\u00e1 destinado a espacio p\u00fablico para esparcimiento y disfrute de toda la comunidad.<\/p>\n\n\n\n<p>Fuente: Diario El informante<\/p>\n","protected":false},"excerpt":{"rendered":"<p>Las m\u00e1quinas topadoras ya est\u00e1n trabajando en el ingreso a la costanera, derrumbando las viviendas que se encontraban en la zona del Santuario. Las familias fueron relocalizadas en barrio Alto Verde, siendo adjudicadas de viviendas de 55 metros cuadrado, con dos dormitorios, cocina, ba\u00f1o y un amplio patio. Las tareas de demolici\u00f3n tienen como objetivo, [&hellip;]<\/p>\n","protected":false},"author":4,"featured_media":56201,"comment_status":"open","ping_status":"closed","sticky":false,"template":"","format":"standard","meta":{"om_disable_all_campaigns":false,"_jetpack_memberships_contains_paid_content":false,"footnotes":""},"categories":[621],"tags":[],"class_list":["post-56200","post","type-post","status-publish","format-standard","has-post-thumbnail","hentry","category-regionales"],"aioseo_notices":[],"gutentor_comment":0,"jetpack_featured_media_url":"https:\/\/eldiariodesanpedro.com.ar\/sitio\/wp-content\/uploads\/2019\/07\/conmarca21059.jpg","jetpack_shortlink":"https:\/\/wp.me\/p6RhLt-eCs","jetpack_sharing_enabled":true,"_links":{"self":[{"href":"https:\/\/eldiariodesanpedro.com.ar\/sitio\/wp-json\/wp\/v2\/posts\/56200","targetHints":{"allow":["GET"]}}],"collection":[{"href":"https:\/\/eldiariodesanpedro.com.ar\/sitio\/wp-json\/wp\/v2\/posts"}],"about":[{"href":"https:\/\/eldiariodesanpedro.com.ar\/sitio\/wp-json\/wp\/v2\/types\/post"}],"author":[{"embeddable":true,"href":"https:\/\/eldiariodesanpedro.com.ar\/sitio\/wp-json\/wp\/v2\/users\/4"}],"replies":[{"embeddable":true,"href":"https:\/\/eldiariodesanpedro.com.ar\/sitio\/wp-json\/wp\/v2\/comments?post=56200"}],"version-history":[{"count":1,"href":"https:\/\/eldiariodesanpedro.com.ar\/sitio\/wp-json\/wp\/v2\/posts\/56200\/revisions"}],"predecessor-version":[{"id":56202,"href":"https:\/\/eldiariodesanpedro.com.ar\/sitio\/wp-json\/wp\/v2\/posts\/56200\/revisions\/56202"}],"wp:featuredmedia":[{"embeddable":true,"href":"https:\/\/eldiariodesanpedro.com.ar\/sitio\/wp-json\/wp\/v2\/media\/56201"}],"wp:attachment":[{"href":"https:\/\/eldiariodesanpedro.com.ar\/sitio\/wp-json\/wp\/v2\/media?parent=56200"}],"wp:term":[{"taxonomy":"category","embeddable":true,"href":"https:\/\/eldiariodesanpedro.com.ar\/sitio\/wp-json\/wp\/v2\/categories?post=56200"},{"taxonomy":"post_tag","embeddable":true,"href":"https:\/\/eldiariodesanpedro.com.ar\/sitio\/wp-json\/wp\/v2\/tags?post=56200"}],"curies":[{"name":"wp","href":"https:\/\/api.w.org\/{rel}","templated":true}]}}