{"id":56196,"date":"2019-07-16T18:14:08","date_gmt":"2019-07-16T21:14:08","guid":{"rendered":"https:\/\/eldiariodesanpedro.com.ar\/sitio\/?p=56196"},"modified":"2019-07-16T18:14:12","modified_gmt":"2019-07-16T21:14:12","slug":"san-nicolas-mujer-de-79-anos-fue-embestida-por-un-auto","status":"publish","type":"post","link":"https:\/\/eldiariodesanpedro.com.ar\/sitio\/san-nicolas-mujer-de-79-anos-fue-embestida-por-un-auto\/","title":{"rendered":"SAN NICOL\u00c1S: Mujer de 79 a\u00f1os fue embestida por un auto"},"content":{"rendered":"<!-- VideographyWP Plugin Message: Automatic video embedding prevented by plugin options. -->\n\n<p>\n\nAlrededor de las 17:40 de este lunes, en inmediaciones de Av. Savio y Bogado, un Renault 9GTl conducido por una mujer de 35 a\u00f1os choc\u00f3 a una peat\u00f3n, que sufri\u00f3 lesiones graves.<\/p>\n\n\n\n<p>La v\u00edctima es una mujer de 79 a\u00f1os, identificada como Isolina Chamorro. A ra\u00edz del impacto, debi\u00f3 ser trasladada por ambulancia al Hospital San Felipe. Qued\u00f3 internada ya que presenta politrauma con fractura de codo izquierdo y fractura basicervical de cadera izquierda.<\/p>\n\n\n\n<p>Se labraron actuaciones por Lesiones Graves con intervenci\u00f3n de la Fiscal\u00eda N\u00b0 3. Las primeras medidas adoptadas fueron tomar declaraci\u00f3n testimonial de la victima y la toma de muestras sangu\u00edneas de la conductora del veh\u00edculo.&nbsp;<\/p>\n\n\n\n<p>Adem\u00e1s se solicitaron las im\u00e1genes a las c\u00e1maras de monitoreo municipal para determinar responsabilidades.\u00a0<\/p>\n\n\n\n<p>Fuente: Diario El informamte<\/p>\n","protected":false},"excerpt":{"rendered":"<p>Alrededor de las 17:40 de este lunes, en inmediaciones de Av. Savio y Bogado, un Renault 9GTl conducido por una mujer de 35 a\u00f1os choc\u00f3 a una peat\u00f3n, que sufri\u00f3 lesiones graves. La v\u00edctima es una mujer de 79 a\u00f1os, identificada como Isolina Chamorro. A ra\u00edz del impacto, debi\u00f3 ser trasladada por ambulancia al Hospital [&hellip;]<\/p>\n","protected":false},"author":4,"featured_media":56197,"comment_status":"open","ping_status":"closed","sticky":false,"template":"","format":"standard","meta":{"om_disable_all_campaigns":false,"_jetpack_memberships_contains_paid_content":false,"footnotes":""},"categories":[621],"tags":[],"class_list":["post-56196","post","type-post","status-publish","format-standard","has-post-thumbnail","hentry","category-regionales"],"aioseo_notices":[],"gutentor_comment":0,"jetpack_featured_media_url":"https:\/\/eldiariodesanpedro.com.ar\/sitio\/wp-content\/uploads\/2019\/07\/conmarca21057.jpg","jetpack_shortlink":"https:\/\/wp.me\/p6RhLt-eCo","jetpack_sharing_enabled":true,"_links":{"self":[{"href":"https:\/\/eldiariodesanpedro.com.ar\/sitio\/wp-json\/wp\/v2\/posts\/56196","targetHints":{"allow":["GET"]}}],"collection":[{"href":"https:\/\/eldiariodesanpedro.com.ar\/sitio\/wp-json\/wp\/v2\/posts"}],"about":[{"href":"https:\/\/eldiariodesanpedro.com.ar\/sitio\/wp-json\/wp\/v2\/types\/post"}],"author":[{"embeddable":true,"href":"https:\/\/eldiariodesanpedro.com.ar\/sitio\/wp-json\/wp\/v2\/users\/4"}],"replies":[{"embeddable":true,"href":"https:\/\/eldiariodesanpedro.com.ar\/sitio\/wp-json\/wp\/v2\/comments?post=56196"}],"version-history":[{"count":1,"href":"https:\/\/eldiariodesanpedro.com.ar\/sitio\/wp-json\/wp\/v2\/posts\/56196\/revisions"}],"predecessor-version":[{"id":56198,"href":"https:\/\/eldiariodesanpedro.com.ar\/sitio\/wp-json\/wp\/v2\/posts\/56196\/revisions\/56198"}],"wp:featuredmedia":[{"embeddable":true,"href":"https:\/\/eldiariodesanpedro.com.ar\/sitio\/wp-json\/wp\/v2\/media\/56197"}],"wp:attachment":[{"href":"https:\/\/eldiariodesanpedro.com.ar\/sitio\/wp-json\/wp\/v2\/media?parent=56196"}],"wp:term":[{"taxonomy":"category","embeddable":true,"href":"https:\/\/eldiariodesanpedro.com.ar\/sitio\/wp-json\/wp\/v2\/categories?post=56196"},{"taxonomy":"post_tag","embeddable":true,"href":"https:\/\/eldiariodesanpedro.com.ar\/sitio\/wp-json\/wp\/v2\/tags?post=56196"}],"curies":[{"name":"wp","href":"https:\/\/api.w.org\/{rel}","templated":true}]}}