{"id":56192,"date":"2019-07-16T18:09:22","date_gmt":"2019-07-16T21:09:22","guid":{"rendered":"https:\/\/eldiariodesanpedro.com.ar\/sitio\/?p=56192"},"modified":"2019-07-16T18:09:26","modified_gmt":"2019-07-16T21:09:26","slug":"campana-grave-accidente-en-la-panamericana","status":"publish","type":"post","link":"https:\/\/eldiariodesanpedro.com.ar\/sitio\/campana-grave-accidente-en-la-panamericana\/","title":{"rendered":"CAMPANA: Grave accidente en la Panamericana"},"content":{"rendered":"<!-- VideographyWP Plugin Message: Automatic video embedding prevented by plugin options. -->\n\n<p>\n\nUn auto arroll\u00f3 a una moto y una mujer de unos 35 a\u00f1os fue hospitalizada .<\/p>\n\n\n\n<p>Ocurri\u00f3 pasado el mediod\u00eda a la altura del KM 74, sentido a Rosario. Un auto impact\u00f3 contra el guard rail, volc\u00f3 y arroll\u00f3 a una moto que transitaba por el lugar. Una mujer de unos 35 a\u00f1os fue hospitalizada de urgencia por el Same.&nbsp;<\/p>\n","protected":false},"excerpt":{"rendered":"<p>Un auto arroll\u00f3 a una moto y una mujer de unos 35 a\u00f1os fue hospitalizada . Ocurri\u00f3 pasado el mediod\u00eda a la altura del KM 74, sentido a Rosario. Un auto impact\u00f3 contra el guard rail, volc\u00f3 y arroll\u00f3 a una moto que transitaba por el lugar. Una mujer de unos 35 a\u00f1os fue hospitalizada [&hellip;]<\/p>\n","protected":false},"author":4,"featured_media":56193,"comment_status":"open","ping_status":"closed","sticky":false,"template":"","format":"standard","meta":{"om_disable_all_campaigns":false,"_jetpack_memberships_contains_paid_content":false,"footnotes":""},"categories":[621],"tags":[],"class_list":["post-56192","post","type-post","status-publish","format-standard","has-post-thumbnail","hentry","category-regionales"],"aioseo_notices":[],"gutentor_comment":0,"jetpack_featured_media_url":"https:\/\/eldiariodesanpedro.com.ar\/sitio\/wp-content\/uploads\/2019\/07\/20190716042742.jpg","jetpack_shortlink":"https:\/\/wp.me\/p6RhLt-eCk","jetpack_sharing_enabled":true,"_links":{"self":[{"href":"https:\/\/eldiariodesanpedro.com.ar\/sitio\/wp-json\/wp\/v2\/posts\/56192","targetHints":{"allow":["GET"]}}],"collection":[{"href":"https:\/\/eldiariodesanpedro.com.ar\/sitio\/wp-json\/wp\/v2\/posts"}],"about":[{"href":"https:\/\/eldiariodesanpedro.com.ar\/sitio\/wp-json\/wp\/v2\/types\/post"}],"author":[{"embeddable":true,"href":"https:\/\/eldiariodesanpedro.com.ar\/sitio\/wp-json\/wp\/v2\/users\/4"}],"replies":[{"embeddable":true,"href":"https:\/\/eldiariodesanpedro.com.ar\/sitio\/wp-json\/wp\/v2\/comments?post=56192"}],"version-history":[{"count":1,"href":"https:\/\/eldiariodesanpedro.com.ar\/sitio\/wp-json\/wp\/v2\/posts\/56192\/revisions"}],"predecessor-version":[{"id":56194,"href":"https:\/\/eldiariodesanpedro.com.ar\/sitio\/wp-json\/wp\/v2\/posts\/56192\/revisions\/56194"}],"wp:featuredmedia":[{"embeddable":true,"href":"https:\/\/eldiariodesanpedro.com.ar\/sitio\/wp-json\/wp\/v2\/media\/56193"}],"wp:attachment":[{"href":"https:\/\/eldiariodesanpedro.com.ar\/sitio\/wp-json\/wp\/v2\/media?parent=56192"}],"wp:term":[{"taxonomy":"category","embeddable":true,"href":"https:\/\/eldiariodesanpedro.com.ar\/sitio\/wp-json\/wp\/v2\/categories?post=56192"},{"taxonomy":"post_tag","embeddable":true,"href":"https:\/\/eldiariodesanpedro.com.ar\/sitio\/wp-json\/wp\/v2\/tags?post=56192"}],"curies":[{"name":"wp","href":"https:\/\/api.w.org\/{rel}","templated":true}]}}