{"id":56191,"date":"2019-07-16T18:24:35","date_gmt":"2019-07-16T21:24:35","guid":{"rendered":"https:\/\/eldiariodesanpedro.com.ar\/sitio\/?p=56191"},"modified":"2019-07-16T18:24:39","modified_gmt":"2019-07-16T21:24:39","slug":"juez-sampedrino-integro-el-tribunal-que-condeno-al-cantante-cristian-aldana","status":"publish","type":"post","link":"https:\/\/eldiariodesanpedro.com.ar\/sitio\/juez-sampedrino-integro-el-tribunal-que-condeno-al-cantante-cristian-aldana\/","title":{"rendered":"Juez sampedrino integr\u00f3 el Tribunal que conden\u00f3 al cantante Cristian Aldana"},"content":{"rendered":"<!-- VideographyWP Plugin Message: Automatic video embedding prevented by plugin options. -->\n\n<p> El Dr. Rodolfo Goerner\u00a0particip\u00f3 del juicio en el que el l\u00edder de la banda El Otro Yo recibi\u00f3 una dura condena. El sampedrino integr\u00f3 el Tribunal que pen\u00f3 con 22 a\u00f1os de c\u00e1rcel al acusado.\u00a0\u00a0 <\/p>\n\n\n\n<p>ras un proceso penal que dur\u00f3 m\u00e1s de un a\u00f1o,&nbsp;Cristian Aldana, ex l\u00edder del grupo El Otro Yo, fue condenado a 22 a\u00f1os de c\u00e1rcel por el delito de corrupci\u00f3n de menores&nbsp;por el Tribunal Oral Criminal N\u00ba25.<\/p>\n\n\n\n<p>Entre los jueces que participaron del dictamen final sobresali\u00f3 la figura del profesional sampedrino\u00a0Rodolfo Goerner, integrante de una tradicional familia de la ciudad, hermano del pianista Nelson Goerner.\u00a0<\/p>\n\n\n\n<p>El Tribunal estuvo compuesto por los jueces Rodolfo Bustos Lambert, Ana Dieta de Herrero y Rodolfo&nbsp;Goerner, quien estuvo a cargo de la lectura del&nbsp;fallo.<\/p>\n\n\n\n<p>El proceso se inici\u00f3 con&nbsp;las denuncias de 10 mujeres, quienes acusaron a Aldana de haber abusado de ellas entre 1999 y 2010, cuando ten\u00edan&nbsp;entre 13 y 16 a\u00f1os. Sus testimonios detallaron&nbsp;org\u00edas con otras menores, enfermedades de transmisi\u00f3n sexual y agresiones f\u00edsicas.<\/p>\n\n\n\n<p>Seg\u00fan se pudo establecer,&nbsp;la mayor\u00eda de las v\u00edctimas&nbsp;fueron seguidoras del grupo que hab\u00edan sido contactadas, a trav\u00e9s de redes sociales o por tel\u00e9fono, por quien entonces era su \u00eddolo.&nbsp;Muchas tuvieron sus primeras experiencias sexuales con \u00e9l.<\/p>\n\n\n\n<p>Aldana&nbsp;no estuvo presente en la sala&nbsp;en el momento de la lectura tal como lo pidi\u00f3 en sus \u00faltimas palabras. La corrupci\u00f3n de menores, seg\u00fan consideraron los jueces, fue probada en cuatro casos de los siete denunciados.<\/p>\n\n\n\n<p>Se orden\u00f3 que el m\u00fasico, preso en el sector de agresores sexuales de Marcos Paz desde 2016,\u00a0entregue su perfil de ADN para que sea incluido\u00a0en el Registro de Datos Gen\u00e9ticos del Ministerio de Justicia, que cuenta con muestras de condenados como Jorge Mangeri y el cura Julio C\u00e9sar Grassi.<\/p>\n\n\n\n<p>FUENTE: SAN PEDRO INFORMA<\/p>\n","protected":false},"excerpt":{"rendered":"<p>El Dr. Rodolfo Goerner\u00a0particip\u00f3 del juicio en el que el l\u00edder de la banda El Otro Yo recibi\u00f3 una dura condena. El sampedrino integr\u00f3 el Tribunal que pen\u00f3 con 22 a\u00f1os de c\u00e1rcel al acusado.\u00a0\u00a0 ras un proceso penal que dur\u00f3 m\u00e1s de un a\u00f1o,&nbsp;Cristian Aldana, ex l\u00edder del grupo El Otro Yo, fue condenado [&hellip;]<\/p>\n","protected":false},"author":4,"featured_media":56204,"comment_status":"open","ping_status":"closed","sticky":false,"template":"","format":"standard","meta":{"om_disable_all_campaigns":false,"_jetpack_memberships_contains_paid_content":false,"footnotes":""},"categories":[50,101,2],"tags":[],"class_list":["post-56191","post","type-post","status-publish","format-standard","has-post-thumbnail","hentry","category-destacadas","category-interes-general-locales","category-locales"],"aioseo_notices":[],"gutentor_comment":0,"jetpack_featured_media_url":"https:\/\/eldiariodesanpedro.com.ar\/sitio\/wp-content\/uploads\/2019\/07\/000078384.jpg","jetpack_shortlink":"https:\/\/wp.me\/p6RhLt-eCj","jetpack_sharing_enabled":true,"_links":{"self":[{"href":"https:\/\/eldiariodesanpedro.com.ar\/sitio\/wp-json\/wp\/v2\/posts\/56191","targetHints":{"allow":["GET"]}}],"collection":[{"href":"https:\/\/eldiariodesanpedro.com.ar\/sitio\/wp-json\/wp\/v2\/posts"}],"about":[{"href":"https:\/\/eldiariodesanpedro.com.ar\/sitio\/wp-json\/wp\/v2\/types\/post"}],"author":[{"embeddable":true,"href":"https:\/\/eldiariodesanpedro.com.ar\/sitio\/wp-json\/wp\/v2\/users\/4"}],"replies":[{"embeddable":true,"href":"https:\/\/eldiariodesanpedro.com.ar\/sitio\/wp-json\/wp\/v2\/comments?post=56191"}],"version-history":[{"count":1,"href":"https:\/\/eldiariodesanpedro.com.ar\/sitio\/wp-json\/wp\/v2\/posts\/56191\/revisions"}],"predecessor-version":[{"id":56205,"href":"https:\/\/eldiariodesanpedro.com.ar\/sitio\/wp-json\/wp\/v2\/posts\/56191\/revisions\/56205"}],"wp:featuredmedia":[{"embeddable":true,"href":"https:\/\/eldiariodesanpedro.com.ar\/sitio\/wp-json\/wp\/v2\/media\/56204"}],"wp:attachment":[{"href":"https:\/\/eldiariodesanpedro.com.ar\/sitio\/wp-json\/wp\/v2\/media?parent=56191"}],"wp:term":[{"taxonomy":"category","embeddable":true,"href":"https:\/\/eldiariodesanpedro.com.ar\/sitio\/wp-json\/wp\/v2\/categories?post=56191"},{"taxonomy":"post_tag","embeddable":true,"href":"https:\/\/eldiariodesanpedro.com.ar\/sitio\/wp-json\/wp\/v2\/tags?post=56191"}],"curies":[{"name":"wp","href":"https:\/\/api.w.org\/{rel}","templated":true}]}}