{"id":56186,"date":"2019-07-16T11:48:10","date_gmt":"2019-07-16T14:48:10","guid":{"rendered":"https:\/\/eldiariodesanpedro.com.ar\/sitio\/?p=56186"},"modified":"2019-07-16T11:48:14","modified_gmt":"2019-07-16T14:48:14","slug":"se-recupero-un-ternero-y-una-vaca-que-fueron-robados-dias-atras","status":"publish","type":"post","link":"https:\/\/eldiariodesanpedro.com.ar\/sitio\/se-recupero-un-ternero-y-una-vaca-que-fueron-robados-dias-atras\/","title":{"rendered":"Se recuper\u00f3 un ternero y una vaca que fueron robados dias atras"},"content":{"rendered":"<!-- VideographyWP Plugin Message: Automatic video embedding prevented by plugin options. -->\n\n<p>Personal policial del Destacamento la Tosquera logr\u00f3 recuperar ganado que fue sustra\u00eddo este lunes por la ma\u00f1ana de una propiedad ubicada en Ruta 9 km 157.<\/p>\n\n\n\n<p>Tras ser alertados los efectivos y r\u00e1pido accionar dirigi\u00e9ndose  al Cuartel III del Paraje La Tosquera,  se procedi\u00f3 al secuestro de vaca lechera color y ternero de aprox. 90 kg, mismo que fueron denunciados en la polic\u00eda rural. <\/p>\n\n\n\n<p>Sigue la investigaci\u00f3n para dar con los autores del hecho.<\/p>\n\n\n\n<p><br><\/p>\n","protected":false},"excerpt":{"rendered":"<p>Personal policial del Destacamento la Tosquera logr\u00f3 recuperar ganado que fue sustra\u00eddo este lunes por la ma\u00f1ana de una propiedad ubicada en Ruta 9 km 157. Tras ser alertados los efectivos y r\u00e1pido accionar dirigi\u00e9ndose al Cuartel III del Paraje La Tosquera, se procedi\u00f3 al secuestro de vaca lechera color y ternero de aprox. 90 [&hellip;]<\/p>\n","protected":false},"author":4,"featured_media":56187,"comment_status":"open","ping_status":"closed","sticky":false,"template":"","format":"standard","meta":{"om_disable_all_campaigns":false,"_jetpack_memberships_contains_paid_content":false,"footnotes":""},"categories":[2,103],"tags":[],"class_list":["post-56186","post","type-post","status-publish","format-standard","has-post-thumbnail","hentry","category-locales","category-policiales-locales"],"aioseo_notices":[],"gutentor_comment":0,"jetpack_featured_media_url":"https:\/\/eldiariodesanpedro.com.ar\/sitio\/wp-content\/uploads\/2019\/07\/WhatsApp-Image-2019-07-16-at-10.05.04-AM.jpeg","jetpack_shortlink":"https:\/\/wp.me\/p6RhLt-eCe","jetpack_sharing_enabled":true,"_links":{"self":[{"href":"https:\/\/eldiariodesanpedro.com.ar\/sitio\/wp-json\/wp\/v2\/posts\/56186","targetHints":{"allow":["GET"]}}],"collection":[{"href":"https:\/\/eldiariodesanpedro.com.ar\/sitio\/wp-json\/wp\/v2\/posts"}],"about":[{"href":"https:\/\/eldiariodesanpedro.com.ar\/sitio\/wp-json\/wp\/v2\/types\/post"}],"author":[{"embeddable":true,"href":"https:\/\/eldiariodesanpedro.com.ar\/sitio\/wp-json\/wp\/v2\/users\/4"}],"replies":[{"embeddable":true,"href":"https:\/\/eldiariodesanpedro.com.ar\/sitio\/wp-json\/wp\/v2\/comments?post=56186"}],"version-history":[{"count":1,"href":"https:\/\/eldiariodesanpedro.com.ar\/sitio\/wp-json\/wp\/v2\/posts\/56186\/revisions"}],"predecessor-version":[{"id":56188,"href":"https:\/\/eldiariodesanpedro.com.ar\/sitio\/wp-json\/wp\/v2\/posts\/56186\/revisions\/56188"}],"wp:featuredmedia":[{"embeddable":true,"href":"https:\/\/eldiariodesanpedro.com.ar\/sitio\/wp-json\/wp\/v2\/media\/56187"}],"wp:attachment":[{"href":"https:\/\/eldiariodesanpedro.com.ar\/sitio\/wp-json\/wp\/v2\/media?parent=56186"}],"wp:term":[{"taxonomy":"category","embeddable":true,"href":"https:\/\/eldiariodesanpedro.com.ar\/sitio\/wp-json\/wp\/v2\/categories?post=56186"},{"taxonomy":"post_tag","embeddable":true,"href":"https:\/\/eldiariodesanpedro.com.ar\/sitio\/wp-json\/wp\/v2\/tags?post=56186"}],"curies":[{"name":"wp","href":"https:\/\/api.w.org\/{rel}","templated":true}]}}