{"id":56177,"date":"2019-07-16T11:31:30","date_gmt":"2019-07-16T14:31:30","guid":{"rendered":"https:\/\/eldiariodesanpedro.com.ar\/sitio\/?p=56177"},"modified":"2019-07-16T11:31:34","modified_gmt":"2019-07-16T14:31:34","slug":"le-arrebataron-la-cartera-y-cayo-al-suelo","status":"publish","type":"post","link":"https:\/\/eldiariodesanpedro.com.ar\/sitio\/le-arrebataron-la-cartera-y-cayo-al-suelo\/","title":{"rendered":"Le arrebataron la cartera y cay\u00f3 al suelo"},"content":{"rendered":"<!-- VideographyWP Plugin Message: Automatic video embedding prevented by plugin options. -->\n\n<p>Una joven de 24 a\u00f1os de edad que circulaba en su bicicleta fue sorprendida por un delincuente quien le sustrae la cartera logrando que la v\u00edctima pierda su estabilidad y caiga al suelo. El sujeto emprendi\u00f3 fuga.<\/p>\n\n\n\n<p>El hecho sucedi\u00f3 en inmediaciones de calle G\u00fcemes al 800, aprox,  la femenina resulta lesionada con escoriaciones en el ment\u00f3n y lesiones leves en su cuerpo tras ser abordada por un delincuente quien logr\u00f3 sustraer la cartera y darse a la fuga.<\/p>\n\n\n\n<p>Tras radicar la denuncia en la comisaria interviene la fiscalia en turno para su investigaci\u00f3n.<\/p>\n\n\n\n<p><br><\/p>\n","protected":false},"excerpt":{"rendered":"<p>Una joven de 24 a\u00f1os de edad que circulaba en su bicicleta fue sorprendida por un delincuente quien le sustrae la cartera logrando que la v\u00edctima pierda su estabilidad y caiga al suelo. El sujeto emprendi\u00f3 fuga. El hecho sucedi\u00f3 en inmediaciones de calle G\u00fcemes al 800, aprox, la femenina resulta lesionada con escoriaciones en [&hellip;]<\/p>\n","protected":false},"author":4,"featured_media":54567,"comment_status":"open","ping_status":"closed","sticky":false,"template":"","format":"standard","meta":{"om_disable_all_campaigns":false,"_jetpack_memberships_contains_paid_content":false,"footnotes":""},"categories":[2,103],"tags":[],"class_list":["post-56177","post","type-post","status-publish","format-standard","has-post-thumbnail","hentry","category-locales","category-policiales-locales"],"aioseo_notices":[],"gutentor_comment":0,"jetpack_featured_media_url":"https:\/\/eldiariodesanpedro.com.ar\/sitio\/wp-content\/uploads\/2019\/06\/arrebato-3.jpg","jetpack_shortlink":"https:\/\/wp.me\/p6RhLt-eC5","jetpack_sharing_enabled":true,"_links":{"self":[{"href":"https:\/\/eldiariodesanpedro.com.ar\/sitio\/wp-json\/wp\/v2\/posts\/56177","targetHints":{"allow":["GET"]}}],"collection":[{"href":"https:\/\/eldiariodesanpedro.com.ar\/sitio\/wp-json\/wp\/v2\/posts"}],"about":[{"href":"https:\/\/eldiariodesanpedro.com.ar\/sitio\/wp-json\/wp\/v2\/types\/post"}],"author":[{"embeddable":true,"href":"https:\/\/eldiariodesanpedro.com.ar\/sitio\/wp-json\/wp\/v2\/users\/4"}],"replies":[{"embeddable":true,"href":"https:\/\/eldiariodesanpedro.com.ar\/sitio\/wp-json\/wp\/v2\/comments?post=56177"}],"version-history":[{"count":1,"href":"https:\/\/eldiariodesanpedro.com.ar\/sitio\/wp-json\/wp\/v2\/posts\/56177\/revisions"}],"predecessor-version":[{"id":56185,"href":"https:\/\/eldiariodesanpedro.com.ar\/sitio\/wp-json\/wp\/v2\/posts\/56177\/revisions\/56185"}],"wp:featuredmedia":[{"embeddable":true,"href":"https:\/\/eldiariodesanpedro.com.ar\/sitio\/wp-json\/wp\/v2\/media\/54567"}],"wp:attachment":[{"href":"https:\/\/eldiariodesanpedro.com.ar\/sitio\/wp-json\/wp\/v2\/media?parent=56177"}],"wp:term":[{"taxonomy":"category","embeddable":true,"href":"https:\/\/eldiariodesanpedro.com.ar\/sitio\/wp-json\/wp\/v2\/categories?post=56177"},{"taxonomy":"post_tag","embeddable":true,"href":"https:\/\/eldiariodesanpedro.com.ar\/sitio\/wp-json\/wp\/v2\/tags?post=56177"}],"curies":[{"name":"wp","href":"https:\/\/api.w.org\/{rel}","templated":true}]}}