{"id":56174,"date":"2019-07-16T10:25:15","date_gmt":"2019-07-16T13:25:15","guid":{"rendered":"https:\/\/eldiariodesanpedro.com.ar\/sitio\/?p=56174"},"modified":"2019-07-16T10:25:19","modified_gmt":"2019-07-16T13:25:19","slug":"delincuente-aprehendido-infraganti","status":"publish","type":"post","link":"https:\/\/eldiariodesanpedro.com.ar\/sitio\/delincuente-aprehendido-infraganti\/","title":{"rendered":"Delincuente aprehendido infraganti"},"content":{"rendered":"<!-- VideographyWP Plugin Message: Automatic video embedding prevented by plugin options. -->\n\n<p>El sujeto escapaba del patio de una vivienda quien habr\u00eda intentado sustraer elementos pero fue atrapado por el personal policial tras su r\u00e1pido accionar.<\/p>\n\n\n\n<p>Sucedi\u00f3 en una vivienda sita en calle M. de Gomendio al 1700, el delincuente ingresa tras saltar un tapial de 2 metros e intenta sustraer varios elementos del interior de un dep\u00f3sito y lavadero.<\/p>\n\n\n\n<p>Tras ser alertados los efectivos logran su r\u00e1pida aprehensi\u00f3n y trasladarlo a la sede policial sin haber consumado el hecho.<\/p>\n\n\n\n<p>El aprehendido de 33 a\u00f1os de edad, registra distintos ingresos por delitos de la propiedad y las personas. Permanece alojado y a la espera de la intervenci\u00f3n de la fiscalia en turno.<\/p>\n\n\n\n<p><br><\/p>\n","protected":false},"excerpt":{"rendered":"<p>El sujeto escapaba del patio de una vivienda quien habr\u00eda intentado sustraer elementos pero fue atrapado por el personal policial tras su r\u00e1pido accionar. Sucedi\u00f3 en una vivienda sita en calle M. de Gomendio al 1700, el delincuente ingresa tras saltar un tapial de 2 metros e intenta sustraer varios elementos del interior de un [&hellip;]<\/p>\n","protected":false},"author":4,"featured_media":56175,"comment_status":"open","ping_status":"closed","sticky":false,"template":"","format":"standard","meta":{"om_disable_all_campaigns":false,"_jetpack_memberships_contains_paid_content":false,"footnotes":""},"categories":[2,103],"tags":[],"class_list":["post-56174","post","type-post","status-publish","format-standard","has-post-thumbnail","hentry","category-locales","category-policiales-locales"],"aioseo_notices":[],"gutentor_comment":0,"jetpack_featured_media_url":"https:\/\/eldiariodesanpedro.com.ar\/sitio\/wp-content\/uploads\/2019\/07\/WhatsApp-Image-2019-07-16-at-10.05.17-AM.jpeg","jetpack_shortlink":"https:\/\/wp.me\/p6RhLt-eC2","jetpack_sharing_enabled":true,"_links":{"self":[{"href":"https:\/\/eldiariodesanpedro.com.ar\/sitio\/wp-json\/wp\/v2\/posts\/56174","targetHints":{"allow":["GET"]}}],"collection":[{"href":"https:\/\/eldiariodesanpedro.com.ar\/sitio\/wp-json\/wp\/v2\/posts"}],"about":[{"href":"https:\/\/eldiariodesanpedro.com.ar\/sitio\/wp-json\/wp\/v2\/types\/post"}],"author":[{"embeddable":true,"href":"https:\/\/eldiariodesanpedro.com.ar\/sitio\/wp-json\/wp\/v2\/users\/4"}],"replies":[{"embeddable":true,"href":"https:\/\/eldiariodesanpedro.com.ar\/sitio\/wp-json\/wp\/v2\/comments?post=56174"}],"version-history":[{"count":1,"href":"https:\/\/eldiariodesanpedro.com.ar\/sitio\/wp-json\/wp\/v2\/posts\/56174\/revisions"}],"predecessor-version":[{"id":56176,"href":"https:\/\/eldiariodesanpedro.com.ar\/sitio\/wp-json\/wp\/v2\/posts\/56174\/revisions\/56176"}],"wp:featuredmedia":[{"embeddable":true,"href":"https:\/\/eldiariodesanpedro.com.ar\/sitio\/wp-json\/wp\/v2\/media\/56175"}],"wp:attachment":[{"href":"https:\/\/eldiariodesanpedro.com.ar\/sitio\/wp-json\/wp\/v2\/media?parent=56174"}],"wp:term":[{"taxonomy":"category","embeddable":true,"href":"https:\/\/eldiariodesanpedro.com.ar\/sitio\/wp-json\/wp\/v2\/categories?post=56174"},{"taxonomy":"post_tag","embeddable":true,"href":"https:\/\/eldiariodesanpedro.com.ar\/sitio\/wp-json\/wp\/v2\/tags?post=56174"}],"curies":[{"name":"wp","href":"https:\/\/api.w.org\/{rel}","templated":true}]}}