{"id":56163,"date":"2019-07-16T09:45:13","date_gmt":"2019-07-16T12:45:13","guid":{"rendered":"https:\/\/eldiariodesanpedro.com.ar\/sitio\/?p=56163"},"modified":"2019-07-16T11:05:14","modified_gmt":"2019-07-16T14:05:14","slug":"preocupacion-otro-asalto-a-mano-armada-se-llevaron-la-caja-registradora-en-una-farmacia","status":"publish","type":"post","link":"https:\/\/eldiariodesanpedro.com.ar\/sitio\/preocupacion-otro-asalto-a-mano-armada-se-llevaron-la-caja-registradora-en-una-farmacia\/","title":{"rendered":"Preocupaci\u00f3n: Otro asalto a mano armada, se llevaron la caja registradora en una farmacia (Video Robo)"},"content":{"rendered":"<!-- VideographyWP Plugin Message: Automatic video embedding prevented by plugin options. -->\n\n<p>El nuevo hecho delictivo ocurri\u00f3 este lunes en un local de comercio ubicado en 11 de Septiembre al 1500. Delincuentes armados lograron sustraer la caja registradora del lugar y emprender fuga.<\/p>\n\n\n\n<p>Estos \u00faltimos meses los hechos delictivos han alcanzando niveles de violencia que realmente alarman.&nbsp;No hay d\u00eda de la semana que se no registren robos en distintas modalidades en la ciudad, aunque los fines de semana se intensifica el accionar delictivo. &nbsp;<\/p>\n\n\n\n<p>Operativos de prevenci\u00f3n, saturacion, dinamico, patrullajes durante el d\u00eda y la noche parece no alcanzar, la violencia delictiva crece y preocupa a la sociedad.  <\/p>\n\n\n\n<p>El mal funcionamiento de la administraci\u00f3n de justicia incide en el incremento de la delincuencia, sin duda.  Si no se administra una justicia r\u00e1pida, sin perjuicio, por supuesto, de observar todas las garant\u00edas necesarias para el acusado, \u00e9sta se vuelve en gran parte ineficaz, podr\u00eda afirmarse.<\/p>\n\n\n\n<p>Este reciente robo tiene como protagonistas a dos malvivientes que ingresaron a punta de pistola, los rostros semicubiertos y amenazaron a la empleada, exigiendo dinero en efectivo.<\/p>\n\n\n\n<p>Se trata de una farmacia ubicada en 11 de Septiembre al 1500, se encontraba abierta al p\u00fablica cuando fue sorprendida por los sujetos que finalmente logran sustraer la caja registradora y emprender a la fuga.<\/p>\n\n\n\n<p>Interviene en la causa caratulada como \u00abRobo agravado\u00bb la fiscalia N\u00ba5.<\/p>\n\n\n\n<figure class=\"wp-block-embed-facebook wp-block-embed is-type-video is-provider-facebook\"><div class=\"wp-block-embed__wrapper\">\n<div class=\"fb-video\" data-allowfullscreen=\"true\" data-href=\"https:\/\/www.facebook.com\/eldiario.desanpedro\/videos\/2244548772329992\/\" style=\"background-color: #fff; display: inline-block;\"><\/div>\n<\/div><\/figure>\n\n\n\n<p><br><\/p>\n","protected":false},"excerpt":{"rendered":"<p>El nuevo hecho delictivo ocurri\u00f3 este lunes en un local de comercio ubicado en 11 de Septiembre al 1500. Delincuentes armados lograron sustraer la caja registradora del lugar y emprender fuga. Estos \u00faltimos meses los hechos delictivos han alcanzando niveles de violencia que realmente alarman.&nbsp;No hay d\u00eda de la semana que se no registren robos [&hellip;]<\/p>\n","protected":false},"author":4,"featured_media":56178,"comment_status":"open","ping_status":"closed","sticky":false,"template":"","format":"standard","meta":{"om_disable_all_campaigns":false,"_jetpack_memberships_contains_paid_content":false,"footnotes":""},"categories":[50,2,103],"tags":[],"class_list":["post-56163","post","type-post","status-publish","format-standard","has-post-thumbnail","hentry","category-destacadas","category-locales","category-policiales-locales"],"aioseo_notices":[],"gutentor_comment":0,"jetpack_featured_media_url":"https:\/\/eldiariodesanpedro.com.ar\/sitio\/wp-content\/uploads\/2019\/07\/2019-07-16.png","jetpack_shortlink":"https:\/\/wp.me\/p6RhLt-eBR","jetpack_sharing_enabled":true,"_links":{"self":[{"href":"https:\/\/eldiariodesanpedro.com.ar\/sitio\/wp-json\/wp\/v2\/posts\/56163","targetHints":{"allow":["GET"]}}],"collection":[{"href":"https:\/\/eldiariodesanpedro.com.ar\/sitio\/wp-json\/wp\/v2\/posts"}],"about":[{"href":"https:\/\/eldiariodesanpedro.com.ar\/sitio\/wp-json\/wp\/v2\/types\/post"}],"author":[{"embeddable":true,"href":"https:\/\/eldiariodesanpedro.com.ar\/sitio\/wp-json\/wp\/v2\/users\/4"}],"replies":[{"embeddable":true,"href":"https:\/\/eldiariodesanpedro.com.ar\/sitio\/wp-json\/wp\/v2\/comments?post=56163"}],"version-history":[{"count":4,"href":"https:\/\/eldiariodesanpedro.com.ar\/sitio\/wp-json\/wp\/v2\/posts\/56163\/revisions"}],"predecessor-version":[{"id":56181,"href":"https:\/\/eldiariodesanpedro.com.ar\/sitio\/wp-json\/wp\/v2\/posts\/56163\/revisions\/56181"}],"wp:featuredmedia":[{"embeddable":true,"href":"https:\/\/eldiariodesanpedro.com.ar\/sitio\/wp-json\/wp\/v2\/media\/56178"}],"wp:attachment":[{"href":"https:\/\/eldiariodesanpedro.com.ar\/sitio\/wp-json\/wp\/v2\/media?parent=56163"}],"wp:term":[{"taxonomy":"category","embeddable":true,"href":"https:\/\/eldiariodesanpedro.com.ar\/sitio\/wp-json\/wp\/v2\/categories?post=56163"},{"taxonomy":"post_tag","embeddable":true,"href":"https:\/\/eldiariodesanpedro.com.ar\/sitio\/wp-json\/wp\/v2\/tags?post=56163"}],"curies":[{"name":"wp","href":"https:\/\/api.w.org\/{rel}","templated":true}]}}