{"id":56160,"date":"2019-07-16T09:03:33","date_gmt":"2019-07-16T12:03:33","guid":{"rendered":"https:\/\/eldiariodesanpedro.com.ar\/sitio\/?p=56160"},"modified":"2019-07-16T09:03:37","modified_gmt":"2019-07-16T12:03:37","slug":"cursos-como-profesionalizar-tu-negocio","status":"publish","type":"post","link":"https:\/\/eldiariodesanpedro.com.ar\/sitio\/cursos-como-profesionalizar-tu-negocio\/","title":{"rendered":"Cursos: C\u00f3mo profesionalizar tu negocio"},"content":{"rendered":"<!-- VideographyWP Plugin Message: Automatic video embedding prevented by plugin options. -->\n\n<p>El entusiasmo de los nuevos proyectos muchas veces va de la mano de una par\u00e1lisis a la hora de tomar decisiones. El Centro de Comercio, Industria y turismo de San Pedro, acerca un nuevo curso con herramientas para ordenar y clarificar el proceso de profesionalizaci\u00f3n. Es el jueves 18 y a\u00fan hay tiempo para anotarse.<\/p>\n\n\n\n<p>\n\nLa convocatoria es para el jueves 18 de julio de 19 a 22 hs, y para participar es necesario inscribirse en la Secretar\u00eda de la entidad.&nbsp;<\/p>\n\n\n\n<p>\u00abTrabajaremos de manera pr\u00e1ctica sobre la realidad de cada uno de los participantes, de manera que se puedan llevar su an\u00e1lisis para profundizarlo y aplicarlo a su negocio\u00bb, explican las docentes del curso M\u00f3nica Beranger y Jaqueline Kerlakian. Ambas son Coach Profesionales, con especialidad en recursos humanos, liderazgo, comunicaci\u00f3n, trabajo en equipo y motivaci\u00f3n.&nbsp;<\/p>\n\n\n\n<p>El curso har\u00e1 foco en c\u00f3mo superar esa gran crisis que sigue a cualquier inicio de proyecto hacia su profesionalizaci\u00f3n, evitando los desgastes para el empresario y su equipo.<\/p>\n\n\n\n<p>Est\u00e1 dirigido a los due\u00f1os o titulares de empresas, a sus colaboradores y a todos aquellos que consideran que la negociaci\u00f3n es una habilidad comercial, y como tal, puede mejorarse con metodolog\u00eda.<\/p>\n\n\n\n<p>Los interesados deben inscribirse por tel\u00e9fono a los tel\u00e9fonos 423386 y 425266 o por correo electr\u00f3nico a\u00a0<a rel=\"noreferrer noopener\" href=\"mailto:centrodecomerciosp@arnetbiz.com.ar\" target=\"_blank\">centrodecomerciosp@arnetbiz.com.ar<\/a>.<\/p>\n\n\n\n<p><br><\/p>\n","protected":false},"excerpt":{"rendered":"<p>El entusiasmo de los nuevos proyectos muchas veces va de la mano de una par\u00e1lisis a la hora de tomar decisiones. El Centro de Comercio, Industria y turismo de San Pedro, acerca un nuevo curso con herramientas para ordenar y clarificar el proceso de profesionalizaci\u00f3n. Es el jueves 18 y a\u00fan hay tiempo para anotarse. [&hellip;]<\/p>\n","protected":false},"author":4,"featured_media":56161,"comment_status":"open","ping_status":"closed","sticky":false,"template":"","format":"standard","meta":{"om_disable_all_campaigns":false,"_jetpack_memberships_contains_paid_content":false,"footnotes":""},"categories":[101,2],"tags":[],"class_list":["post-56160","post","type-post","status-publish","format-standard","has-post-thumbnail","hentry","category-interes-general-locales","category-locales"],"aioseo_notices":[],"gutentor_comment":0,"jetpack_featured_media_url":"https:\/\/eldiariodesanpedro.com.ar\/sitio\/wp-content\/uploads\/2019\/07\/unnamed.jpg","jetpack_shortlink":"https:\/\/wp.me\/p6RhLt-eBO","jetpack_sharing_enabled":true,"_links":{"self":[{"href":"https:\/\/eldiariodesanpedro.com.ar\/sitio\/wp-json\/wp\/v2\/posts\/56160","targetHints":{"allow":["GET"]}}],"collection":[{"href":"https:\/\/eldiariodesanpedro.com.ar\/sitio\/wp-json\/wp\/v2\/posts"}],"about":[{"href":"https:\/\/eldiariodesanpedro.com.ar\/sitio\/wp-json\/wp\/v2\/types\/post"}],"author":[{"embeddable":true,"href":"https:\/\/eldiariodesanpedro.com.ar\/sitio\/wp-json\/wp\/v2\/users\/4"}],"replies":[{"embeddable":true,"href":"https:\/\/eldiariodesanpedro.com.ar\/sitio\/wp-json\/wp\/v2\/comments?post=56160"}],"version-history":[{"count":1,"href":"https:\/\/eldiariodesanpedro.com.ar\/sitio\/wp-json\/wp\/v2\/posts\/56160\/revisions"}],"predecessor-version":[{"id":56162,"href":"https:\/\/eldiariodesanpedro.com.ar\/sitio\/wp-json\/wp\/v2\/posts\/56160\/revisions\/56162"}],"wp:featuredmedia":[{"embeddable":true,"href":"https:\/\/eldiariodesanpedro.com.ar\/sitio\/wp-json\/wp\/v2\/media\/56161"}],"wp:attachment":[{"href":"https:\/\/eldiariodesanpedro.com.ar\/sitio\/wp-json\/wp\/v2\/media?parent=56160"}],"wp:term":[{"taxonomy":"category","embeddable":true,"href":"https:\/\/eldiariodesanpedro.com.ar\/sitio\/wp-json\/wp\/v2\/categories?post=56160"},{"taxonomy":"post_tag","embeddable":true,"href":"https:\/\/eldiariodesanpedro.com.ar\/sitio\/wp-json\/wp\/v2\/tags?post=56160"}],"curies":[{"name":"wp","href":"https:\/\/api.w.org\/{rel}","templated":true}]}}