{"id":56156,"date":"2019-07-15T22:33:06","date_gmt":"2019-07-16T01:33:06","guid":{"rendered":"https:\/\/eldiariodesanpedro.com.ar\/sitio\/?p=56156"},"modified":"2019-07-15T22:33:10","modified_gmt":"2019-07-16T01:33:10","slug":"secuestro-de-un-automovil-con-numeracion-de-chasis-adulterado","status":"publish","type":"post","link":"https:\/\/eldiariodesanpedro.com.ar\/sitio\/secuestro-de-un-automovil-con-numeracion-de-chasis-adulterado\/","title":{"rendered":"Secuestro de un autom\u00f3vil con numeraci\u00f3n de chasis adulterado"},"content":{"rendered":"<!-- VideographyWP Plugin Message: Automatic video embedding prevented by plugin options. -->\n\n<p>Sucedi\u00f3 esta noche, en el marco de operativo dispuesto por la superioridad donde personal de Jefatura Departamental San Nicol\u00e1s GAD procedi\u00f3  al secuestro de un autom\u00f3vil Fiat 147 y a la aprehensi\u00f3n de su conductor.<\/p>\n\n\n\n<p>El veh\u00edculo fue interceptado por los efectivos en intersecci\u00f3n de las calles Saavedra y Combate de Obligado.<\/p>\n\n\n\n<p>Tras verificaci\u00f3n del veh\u00edculo dominio VEV-898, resulta tener numeraci\u00f3n de chasis adulterada y motor ilegible.<\/p>\n\n\n\n<p>Para su conductor , un joven de 22 a\u00f1os de edad, fue aprehendido y trasladado a la dependencia local a la espera de la intervenci\u00f3n de la fiscal\u00eda N\u00b05 del Dr Manso.<\/p>\n","protected":false},"excerpt":{"rendered":"<p>Sucedi\u00f3 esta noche, en el marco de operativo dispuesto por la superioridad donde personal de Jefatura Departamental San Nicol\u00e1s GAD procedi\u00f3 al secuestro de un autom\u00f3vil Fiat 147 y a la aprehensi\u00f3n de su conductor. El veh\u00edculo fue interceptado por los efectivos en intersecci\u00f3n de las calles Saavedra y Combate de Obligado. Tras verificaci\u00f3n del [&hellip;]<\/p>\n","protected":false},"author":4,"featured_media":56152,"comment_status":"open","ping_status":"closed","sticky":false,"template":"","format":"standard","meta":{"om_disable_all_campaigns":false,"_jetpack_memberships_contains_paid_content":false,"footnotes":""},"categories":[2,103],"tags":[],"class_list":["post-56156","post","type-post","status-publish","format-standard","has-post-thumbnail","hentry","category-locales","category-policiales-locales"],"aioseo_notices":[],"gutentor_comment":0,"jetpack_featured_media_url":"https:\/\/eldiariodesanpedro.com.ar\/sitio\/wp-content\/uploads\/2019\/07\/PicsArt_07-15-10.06.38.jpg","jetpack_shortlink":"https:\/\/wp.me\/p6RhLt-eBK","jetpack_sharing_enabled":true,"_links":{"self":[{"href":"https:\/\/eldiariodesanpedro.com.ar\/sitio\/wp-json\/wp\/v2\/posts\/56156","targetHints":{"allow":["GET"]}}],"collection":[{"href":"https:\/\/eldiariodesanpedro.com.ar\/sitio\/wp-json\/wp\/v2\/posts"}],"about":[{"href":"https:\/\/eldiariodesanpedro.com.ar\/sitio\/wp-json\/wp\/v2\/types\/post"}],"author":[{"embeddable":true,"href":"https:\/\/eldiariodesanpedro.com.ar\/sitio\/wp-json\/wp\/v2\/users\/4"}],"replies":[{"embeddable":true,"href":"https:\/\/eldiariodesanpedro.com.ar\/sitio\/wp-json\/wp\/v2\/comments?post=56156"}],"version-history":[{"count":1,"href":"https:\/\/eldiariodesanpedro.com.ar\/sitio\/wp-json\/wp\/v2\/posts\/56156\/revisions"}],"predecessor-version":[{"id":56157,"href":"https:\/\/eldiariodesanpedro.com.ar\/sitio\/wp-json\/wp\/v2\/posts\/56156\/revisions\/56157"}],"wp:featuredmedia":[{"embeddable":true,"href":"https:\/\/eldiariodesanpedro.com.ar\/sitio\/wp-json\/wp\/v2\/media\/56152"}],"wp:attachment":[{"href":"https:\/\/eldiariodesanpedro.com.ar\/sitio\/wp-json\/wp\/v2\/media?parent=56156"}],"wp:term":[{"taxonomy":"category","embeddable":true,"href":"https:\/\/eldiariodesanpedro.com.ar\/sitio\/wp-json\/wp\/v2\/categories?post=56156"},{"taxonomy":"post_tag","embeddable":true,"href":"https:\/\/eldiariodesanpedro.com.ar\/sitio\/wp-json\/wp\/v2\/tags?post=56156"}],"curies":[{"name":"wp","href":"https:\/\/api.w.org\/{rel}","templated":true}]}}