{"id":56154,"date":"2019-07-15T22:20:23","date_gmt":"2019-07-16T01:20:23","guid":{"rendered":"https:\/\/eldiariodesanpedro.com.ar\/sitio\/?p=56154"},"modified":"2019-07-15T22:20:27","modified_gmt":"2019-07-16T01:20:27","slug":"aprehendido-por-tenencia-de-marihuana-5","status":"publish","type":"post","link":"https:\/\/eldiariodesanpedro.com.ar\/sitio\/aprehendido-por-tenencia-de-marihuana-5\/","title":{"rendered":"Aprehendido por tenencia de marihuana"},"content":{"rendered":"<!-- VideographyWP Plugin Message: Automatic video embedding prevented by plugin options. -->\n\n<p>Sucedi\u00f3 esta noche,  en marco de  operativo dispuesto por la superioridad, personal de Jefatura Departamental San Nicol\u00e1s GAD procedi\u00f3 a la aprehensi\u00f3n de un joven de 25 a\u00f1os de edad quien pose\u00eda bagullos de marihuana.<\/p>\n\n\n\n<p>Tras su identificaci\u00f3n en intersecci\u00f3n de las calles Saavedra y Combate de Obligado. Se le secuestro 8 gramos en un contenido envuelto con nylon de marihuana.<\/p>\n\n\n\n<p>Trasladado A la dependencia local aplicando recaudos legales con infracci\u00f3n a la Ley 27.737, toma intervenci\u00f3n la fiscal\u00eda N\u00b05 del Dr Manso.<\/p>\n","protected":false},"excerpt":{"rendered":"<p>Sucedi\u00f3 esta noche, en marco de operativo dispuesto por la superioridad, personal de Jefatura Departamental San Nicol\u00e1s GAD procedi\u00f3 a la aprehensi\u00f3n de un joven de 25 a\u00f1os de edad quien pose\u00eda bagullos de marihuana. Tras su identificaci\u00f3n en intersecci\u00f3n de las calles Saavedra y Combate de Obligado. Se le secuestro 8 gramos en un [&hellip;]<\/p>\n","protected":false},"author":4,"featured_media":56153,"comment_status":"open","ping_status":"closed","sticky":false,"template":"","format":"standard","meta":{"om_disable_all_campaigns":false,"_jetpack_memberships_contains_paid_content":false,"footnotes":""},"categories":[2,103],"tags":[],"class_list":["post-56154","post","type-post","status-publish","format-standard","has-post-thumbnail","hentry","category-locales","category-policiales-locales"],"aioseo_notices":[],"gutentor_comment":0,"jetpack_featured_media_url":"https:\/\/eldiariodesanpedro.com.ar\/sitio\/wp-content\/uploads\/2019\/07\/PicsArt_07-15-10.07.14.jpg","jetpack_shortlink":"https:\/\/wp.me\/p6RhLt-eBI","jetpack_sharing_enabled":true,"_links":{"self":[{"href":"https:\/\/eldiariodesanpedro.com.ar\/sitio\/wp-json\/wp\/v2\/posts\/56154","targetHints":{"allow":["GET"]}}],"collection":[{"href":"https:\/\/eldiariodesanpedro.com.ar\/sitio\/wp-json\/wp\/v2\/posts"}],"about":[{"href":"https:\/\/eldiariodesanpedro.com.ar\/sitio\/wp-json\/wp\/v2\/types\/post"}],"author":[{"embeddable":true,"href":"https:\/\/eldiariodesanpedro.com.ar\/sitio\/wp-json\/wp\/v2\/users\/4"}],"replies":[{"embeddable":true,"href":"https:\/\/eldiariodesanpedro.com.ar\/sitio\/wp-json\/wp\/v2\/comments?post=56154"}],"version-history":[{"count":1,"href":"https:\/\/eldiariodesanpedro.com.ar\/sitio\/wp-json\/wp\/v2\/posts\/56154\/revisions"}],"predecessor-version":[{"id":56155,"href":"https:\/\/eldiariodesanpedro.com.ar\/sitio\/wp-json\/wp\/v2\/posts\/56154\/revisions\/56155"}],"wp:featuredmedia":[{"embeddable":true,"href":"https:\/\/eldiariodesanpedro.com.ar\/sitio\/wp-json\/wp\/v2\/media\/56153"}],"wp:attachment":[{"href":"https:\/\/eldiariodesanpedro.com.ar\/sitio\/wp-json\/wp\/v2\/media?parent=56154"}],"wp:term":[{"taxonomy":"category","embeddable":true,"href":"https:\/\/eldiariodesanpedro.com.ar\/sitio\/wp-json\/wp\/v2\/categories?post=56154"},{"taxonomy":"post_tag","embeddable":true,"href":"https:\/\/eldiariodesanpedro.com.ar\/sitio\/wp-json\/wp\/v2\/tags?post=56154"}],"curies":[{"name":"wp","href":"https:\/\/api.w.org\/{rel}","templated":true}]}}