{"id":56149,"date":"2019-07-15T16:50:11","date_gmt":"2019-07-15T19:50:11","guid":{"rendered":"https:\/\/eldiariodesanpedro.com.ar\/sitio\/?p=56149"},"modified":"2019-07-15T16:50:16","modified_gmt":"2019-07-15T19:50:16","slug":"campana-incendian-la-casa-de-un-presunto-abusador-en-las-praderas","status":"publish","type":"post","link":"https:\/\/eldiariodesanpedro.com.ar\/sitio\/campana-incendian-la-casa-de-un-presunto-abusador-en-las-praderas\/","title":{"rendered":"CAMPANA: Incendian la casa de un presunto abusador en Las Praderas"},"content":{"rendered":"<!-- VideographyWP Plugin Message: Automatic video embedding prevented by plugin options. -->\n\n<p>Una mujer denunci\u00f3 al sujeto por haber abusado de sus dos hijas, de cinco y seis a\u00f1os. El sospechoso se encuentra pr\u00f3fugo, y tendr\u00eda antecedentes relacionados con este delito. Fue escrachado a trav\u00e9s de las redes sociales, y denunciado ante la Justicia. <\/p>\n\n\n\n<p>\n\nUna mujer denunci\u00f3 a un sujeto por haber violado a sus dos hijas, en el barrio Las Praderas.<\/p>\n\n\n\n<p>El acusado tiene 38 a\u00f1os y se encuentra pr\u00f3fugo. Seg\u00fan versiones, tendr\u00eda antecedentes sobre delitos sexuales y habr\u00eda estado en prisi\u00f3n por ellos. \u201cA las 5 de la ma\u00f1ana se meti\u00f3 en mi casa y abus\u00f3 de mis nenas de 5 y 6 a\u00f1os\u2026 amenaz\u00e1ndolas con un cuchillo, que si hablaban o gritaban mataba a mi hermano\u201d explic\u00f3 Evelyn, la madre de las v\u00edctimas, quien escrach\u00f3 al presunto abusador por las redes sociales, adem\u00e1s de radicar la denuncia correspondiente.<\/p>\n\n\n\n<p>Indignados con la situaci\u00f3n, vecinos incendiaron la vivienda donde habitaba quien hoy es intensamente buscado por la Polic\u00eda.\u00a0 <\/p>\n\n\n\n<p>Fuente: Campana Noticias<\/p>\n","protected":false},"excerpt":{"rendered":"<p>Una mujer denunci\u00f3 al sujeto por haber abusado de sus dos hijas, de cinco y seis a\u00f1os. El sospechoso se encuentra pr\u00f3fugo, y tendr\u00eda antecedentes relacionados con este delito. Fue escrachado a trav\u00e9s de las redes sociales, y denunciado ante la Justicia. Una mujer denunci\u00f3 a un sujeto por haber violado a sus dos hijas, [&hellip;]<\/p>\n","protected":false},"author":4,"featured_media":56150,"comment_status":"open","ping_status":"closed","sticky":false,"template":"","format":"standard","meta":{"om_disable_all_campaigns":false,"_jetpack_memberships_contains_paid_content":false,"footnotes":""},"categories":[621],"tags":[],"class_list":["post-56149","post","type-post","status-publish","format-standard","has-post-thumbnail","hentry","category-regionales"],"aioseo_notices":[],"gutentor_comment":0,"jetpack_featured_media_url":"https:\/\/eldiariodesanpedro.com.ar\/sitio\/wp-content\/uploads\/2019\/07\/20190715015124.jpg","jetpack_shortlink":"https:\/\/wp.me\/p6RhLt-eBD","jetpack_sharing_enabled":true,"_links":{"self":[{"href":"https:\/\/eldiariodesanpedro.com.ar\/sitio\/wp-json\/wp\/v2\/posts\/56149","targetHints":{"allow":["GET"]}}],"collection":[{"href":"https:\/\/eldiariodesanpedro.com.ar\/sitio\/wp-json\/wp\/v2\/posts"}],"about":[{"href":"https:\/\/eldiariodesanpedro.com.ar\/sitio\/wp-json\/wp\/v2\/types\/post"}],"author":[{"embeddable":true,"href":"https:\/\/eldiariodesanpedro.com.ar\/sitio\/wp-json\/wp\/v2\/users\/4"}],"replies":[{"embeddable":true,"href":"https:\/\/eldiariodesanpedro.com.ar\/sitio\/wp-json\/wp\/v2\/comments?post=56149"}],"version-history":[{"count":1,"href":"https:\/\/eldiariodesanpedro.com.ar\/sitio\/wp-json\/wp\/v2\/posts\/56149\/revisions"}],"predecessor-version":[{"id":56151,"href":"https:\/\/eldiariodesanpedro.com.ar\/sitio\/wp-json\/wp\/v2\/posts\/56149\/revisions\/56151"}],"wp:featuredmedia":[{"embeddable":true,"href":"https:\/\/eldiariodesanpedro.com.ar\/sitio\/wp-json\/wp\/v2\/media\/56150"}],"wp:attachment":[{"href":"https:\/\/eldiariodesanpedro.com.ar\/sitio\/wp-json\/wp\/v2\/media?parent=56149"}],"wp:term":[{"taxonomy":"category","embeddable":true,"href":"https:\/\/eldiariodesanpedro.com.ar\/sitio\/wp-json\/wp\/v2\/categories?post=56149"},{"taxonomy":"post_tag","embeddable":true,"href":"https:\/\/eldiariodesanpedro.com.ar\/sitio\/wp-json\/wp\/v2\/tags?post=56149"}],"curies":[{"name":"wp","href":"https:\/\/api.w.org\/{rel}","templated":true}]}}