{"id":56146,"date":"2019-07-15T16:47:39","date_gmt":"2019-07-15T19:47:39","guid":{"rendered":"https:\/\/eldiariodesanpedro.com.ar\/sitio\/?p=56146"},"modified":"2019-07-15T16:47:43","modified_gmt":"2019-07-15T19:47:43","slug":"san-nicolas-relocalizan-a-los-pescadores-del-triangulo-de-la-costanera","status":"publish","type":"post","link":"https:\/\/eldiariodesanpedro.com.ar\/sitio\/san-nicolas-relocalizan-a-los-pescadores-del-triangulo-de-la-costanera\/","title":{"rendered":"SAN NICOL\u00c1S: Relocalizan a los pescadores del tri\u00e1ngulo de la Costanera"},"content":{"rendered":"<!-- VideographyWP Plugin Message: Automatic video embedding prevented by plugin options. -->\n\n<p>\n\nEn horas de la ma\u00f1ana de este lunes, el equipo de Acci\u00f3n Social Municipal acompa\u00f1\u00f3 el traslado de dos familias domiciliadas en el ingreso a la Costanera Nueva.<\/p>\n\n\n\n<p>Las mismas ser\u00e1n relocalizadas en barrio Alto Verde, accediendo a viviendas de 55 metros cuadrados, dos habitaciones, cocina, ba\u00f1o, y un amplio patio.<\/p>\n\n\n\n<p>Mar\u00eda rosa Mendez, Subsecretaria del \u00e1rea, explic\u00f3 que dicho plan es implementado por un equipo de profesionales que previamente dialogan con las familias a los fines de llegar a un consenso, los acompa\u00f1an en la mudanza y posteriormente hacen un seguimiento a los fines de garantizar su bienestar.<\/p>\n\n\n\n<p>El espacio liberado tras la relocalizaci\u00f3n ser\u00e1 utilizado como un nuevo espacio p\u00fablico para uso de todos los nicole\u00f1os. <\/p>\n\n\n\n<p>Fuente: Diario El Informante<\/p>\n","protected":false},"excerpt":{"rendered":"<p>En horas de la ma\u00f1ana de este lunes, el equipo de Acci\u00f3n Social Municipal acompa\u00f1\u00f3 el traslado de dos familias domiciliadas en el ingreso a la Costanera Nueva. Las mismas ser\u00e1n relocalizadas en barrio Alto Verde, accediendo a viviendas de 55 metros cuadrados, dos habitaciones, cocina, ba\u00f1o, y un amplio patio. Mar\u00eda rosa Mendez, Subsecretaria [&hellip;]<\/p>\n","protected":false},"author":4,"featured_media":56147,"comment_status":"open","ping_status":"closed","sticky":false,"template":"","format":"standard","meta":{"om_disable_all_campaigns":false,"_jetpack_memberships_contains_paid_content":false,"footnotes":""},"categories":[621],"tags":[],"class_list":["post-56146","post","type-post","status-publish","format-standard","has-post-thumbnail","hentry","category-regionales"],"aioseo_notices":[],"gutentor_comment":0,"jetpack_featured_media_url":"https:\/\/eldiariodesanpedro.com.ar\/sitio\/wp-content\/uploads\/2019\/07\/no_6r1o93xug4psantWhatsApp_Image_2019_07_15_at_10.jpg","jetpack_shortlink":"https:\/\/wp.me\/p6RhLt-eBA","jetpack_sharing_enabled":true,"_links":{"self":[{"href":"https:\/\/eldiariodesanpedro.com.ar\/sitio\/wp-json\/wp\/v2\/posts\/56146","targetHints":{"allow":["GET"]}}],"collection":[{"href":"https:\/\/eldiariodesanpedro.com.ar\/sitio\/wp-json\/wp\/v2\/posts"}],"about":[{"href":"https:\/\/eldiariodesanpedro.com.ar\/sitio\/wp-json\/wp\/v2\/types\/post"}],"author":[{"embeddable":true,"href":"https:\/\/eldiariodesanpedro.com.ar\/sitio\/wp-json\/wp\/v2\/users\/4"}],"replies":[{"embeddable":true,"href":"https:\/\/eldiariodesanpedro.com.ar\/sitio\/wp-json\/wp\/v2\/comments?post=56146"}],"version-history":[{"count":1,"href":"https:\/\/eldiariodesanpedro.com.ar\/sitio\/wp-json\/wp\/v2\/posts\/56146\/revisions"}],"predecessor-version":[{"id":56148,"href":"https:\/\/eldiariodesanpedro.com.ar\/sitio\/wp-json\/wp\/v2\/posts\/56146\/revisions\/56148"}],"wp:featuredmedia":[{"embeddable":true,"href":"https:\/\/eldiariodesanpedro.com.ar\/sitio\/wp-json\/wp\/v2\/media\/56147"}],"wp:attachment":[{"href":"https:\/\/eldiariodesanpedro.com.ar\/sitio\/wp-json\/wp\/v2\/media?parent=56146"}],"wp:term":[{"taxonomy":"category","embeddable":true,"href":"https:\/\/eldiariodesanpedro.com.ar\/sitio\/wp-json\/wp\/v2\/categories?post=56146"},{"taxonomy":"post_tag","embeddable":true,"href":"https:\/\/eldiariodesanpedro.com.ar\/sitio\/wp-json\/wp\/v2\/tags?post=56146"}],"curies":[{"name":"wp","href":"https:\/\/api.w.org\/{rel}","templated":true}]}}