{"id":56132,"date":"2019-07-15T12:27:31","date_gmt":"2019-07-15T15:27:31","guid":{"rendered":"https:\/\/eldiariodesanpedro.com.ar\/sitio\/?p=56132"},"modified":"2019-07-15T12:27:36","modified_gmt":"2019-07-15T15:27:36","slug":"el-presidente-del-club-banfield-fue-agredido-por-hinchas-del-mismo-club","status":"publish","type":"post","link":"https:\/\/eldiariodesanpedro.com.ar\/sitio\/el-presidente-del-club-banfield-fue-agredido-por-hinchas-del-mismo-club\/","title":{"rendered":"El presidente del Club Banfield fue agredido por hinchas del mismo club"},"content":{"rendered":"<!-- VideographyWP Plugin Message: Automatic video embedding prevented by plugin options. -->\n\n<p>Este domingo alrededor de las 18 hs tras finalizar el partido entre Banfield y San Mart\u00edn jugado en el Estadio Municipal se produjo una gresca entre hinchas y dirigentes del mismo club.<\/p>\n\n\n\n<p>En las afueras del Estadio ubicado en calle Bozzano y 25 de Mayo, tras la finalizacion del partido jugado entre el Club Banfield y San Mart\u00edn en horas de las tarde del domingo se debi\u00f3 hacer presentes efectivos de la comisar\u00eda local por una gresca entre simpatizantes y dirigentes del \u00abtaladro\u00bb. <\/p>\n\n\n\n<p>Todo comenz\u00f3 cuando una persona que se encontraba en estado de ebriedad realizaba ademanes y provocaba disturbios dentro del predio, por lo que el presidente del club decidi\u00f3 retirarlo del lugar, una vez en las afueras de la cancha comenz\u00f3 la agresi\u00f3n por parte de uno de los detenidos junto a otros tres.<\/p>\n\n\n\n<p>Como consecuencia de esta ri\u00f1a result\u00f3 con lesiones en su rostro el presidente de la instituci\u00f3n, Diego Obrador, y el dirigente Jos\u00e9 Cancelo, adem\u00e1s de recibir amenazas de muerte, por lo que se procedi\u00f3 a la aprehensi\u00f3n de estos agresores de 24, 26, 28 y 34 a\u00f1os de edad a los cuales tambi\u00e9n se les secuestro en su poder un arma blanca de fabricaci\u00f3n casera.   <\/p>\n","protected":false},"excerpt":{"rendered":"<p>Este domingo alrededor de las 18 hs tras finalizar el partido entre Banfield y San Mart\u00edn jugado en el Estadio Municipal se produjo una gresca entre hinchas y dirigentes del mismo club. En las afueras del Estadio ubicado en calle Bozzano y 25 de Mayo, tras la finalizacion del partido jugado entre el Club Banfield [&hellip;]<\/p>\n","protected":false},"author":4,"featured_media":56133,"comment_status":"open","ping_status":"closed","sticky":false,"template":"","format":"standard","meta":{"om_disable_all_campaigns":false,"_jetpack_memberships_contains_paid_content":false,"footnotes":""},"categories":[2,103],"tags":[],"class_list":["post-56132","post","type-post","status-publish","format-standard","has-post-thumbnail","hentry","category-locales","category-policiales-locales"],"aioseo_notices":[],"gutentor_comment":0,"jetpack_featured_media_url":"https:\/\/eldiariodesanpedro.com.ar\/sitio\/wp-content\/uploads\/2019\/07\/2019-07-15.png","jetpack_shortlink":"https:\/\/wp.me\/p6RhLt-eBm","jetpack_sharing_enabled":true,"_links":{"self":[{"href":"https:\/\/eldiariodesanpedro.com.ar\/sitio\/wp-json\/wp\/v2\/posts\/56132","targetHints":{"allow":["GET"]}}],"collection":[{"href":"https:\/\/eldiariodesanpedro.com.ar\/sitio\/wp-json\/wp\/v2\/posts"}],"about":[{"href":"https:\/\/eldiariodesanpedro.com.ar\/sitio\/wp-json\/wp\/v2\/types\/post"}],"author":[{"embeddable":true,"href":"https:\/\/eldiariodesanpedro.com.ar\/sitio\/wp-json\/wp\/v2\/users\/4"}],"replies":[{"embeddable":true,"href":"https:\/\/eldiariodesanpedro.com.ar\/sitio\/wp-json\/wp\/v2\/comments?post=56132"}],"version-history":[{"count":1,"href":"https:\/\/eldiariodesanpedro.com.ar\/sitio\/wp-json\/wp\/v2\/posts\/56132\/revisions"}],"predecessor-version":[{"id":56134,"href":"https:\/\/eldiariodesanpedro.com.ar\/sitio\/wp-json\/wp\/v2\/posts\/56132\/revisions\/56134"}],"wp:featuredmedia":[{"embeddable":true,"href":"https:\/\/eldiariodesanpedro.com.ar\/sitio\/wp-json\/wp\/v2\/media\/56133"}],"wp:attachment":[{"href":"https:\/\/eldiariodesanpedro.com.ar\/sitio\/wp-json\/wp\/v2\/media?parent=56132"}],"wp:term":[{"taxonomy":"category","embeddable":true,"href":"https:\/\/eldiariodesanpedro.com.ar\/sitio\/wp-json\/wp\/v2\/categories?post=56132"},{"taxonomy":"post_tag","embeddable":true,"href":"https:\/\/eldiariodesanpedro.com.ar\/sitio\/wp-json\/wp\/v2\/tags?post=56132"}],"curies":[{"name":"wp","href":"https:\/\/api.w.org\/{rel}","templated":true}]}}