{"id":56127,"date":"2019-07-15T10:28:48","date_gmt":"2019-07-15T13:28:48","guid":{"rendered":"https:\/\/eldiariodesanpedro.com.ar\/sitio\/?p=56127"},"modified":"2019-07-15T10:28:52","modified_gmt":"2019-07-15T13:28:52","slug":"violencia-de-genero-aprehendidos-por-agredir-a-sus-parejas","status":"publish","type":"post","link":"https:\/\/eldiariodesanpedro.com.ar\/sitio\/violencia-de-genero-aprehendidos-por-agredir-a-sus-parejas\/","title":{"rendered":"Violencia de G\u00e9nero: Aprehendidos por agredir a sus parejas"},"content":{"rendered":"<!-- VideographyWP Plugin Message: Automatic video embedding prevented by plugin options. -->\n\n<p>Los hechos sucedieron durante el domingo, uno de los agresores agredi\u00f3 f\u00edsicamente a su pareja femenina, y el otro amenaz\u00f3 y rompi\u00f3 el per\u00edmetro con su ex pareja. Ambos fueron alojados en la dependencia local.<\/p>\n\n\n\n<p>Personal policial tras r\u00e1pido accionar, constat\u00f3 el primer hecho en una vivienda ubicada sobre calle Combate de Obligado al 800, donde  una mujer de 27 a\u00f1os de edad estaba siendo agredida f\u00edsicamente por su pareja de 27, masculina.<\/p>\n\n\n\n<p>El sujeto fue aprehendido traslad\u00e1ndose a comisar\u00eda y la v\u00edctima fue asistida en la Comisaria de la Mujer, interviniendo la fiscalia N\u00ba5,  bajo la car\u00e1tula \u00abAprehensi\u00f3n por lesiones leves agravadas\u00bb. <\/p>\n\n\n\n<p>Luego, en otra vivienda sita en calle Cucit al 800 , un joven de 25, ingresa violentando abertura de la misma y violando la restriccion perimetral vigente de su ex pareja femenina de 23, amenazando de muerte.<\/p>\n\n\n\n<p>Fue reducido y trasladado a la dependencia local y la v\u00edctima asistida en la Comisar\u00eda de la Mujer.<\/p>\n\n\n\n<p>Los hechos de violencia de g\u00e9nero pueden ser denunciados por v\u00edctimas y\/o testigos comunic\u00e1ndose con la Polic\u00eda a trav\u00e9s del 101 o con la Comisar\u00eda de la Mujer de San Pedro al 422000, o mediante la l\u00ednea nacional gratuita 144.<\/p>\n","protected":false},"excerpt":{"rendered":"<p>Los hechos sucedieron durante el domingo, uno de los agresores agredi\u00f3 f\u00edsicamente a su pareja femenina, y el otro amenaz\u00f3 y rompi\u00f3 el per\u00edmetro con su ex pareja. Ambos fueron alojados en la dependencia local. Personal policial tras r\u00e1pido accionar, constat\u00f3 el primer hecho en una vivienda ubicada sobre calle Combate de Obligado al 800, [&hellip;]<\/p>\n","protected":false},"author":4,"featured_media":47762,"comment_status":"open","ping_status":"closed","sticky":false,"template":"","format":"standard","meta":{"om_disable_all_campaigns":false,"_jetpack_memberships_contains_paid_content":false,"footnotes":""},"categories":[2,103],"tags":[],"class_list":["post-56127","post","type-post","status-publish","format-standard","has-post-thumbnail","hentry","category-locales","category-policiales-locales"],"aioseo_notices":[],"gutentor_comment":0,"jetpack_featured_media_url":"https:\/\/eldiariodesanpedro.com.ar\/sitio\/wp-content\/uploads\/2019\/02\/violencia-1.jpg","jetpack_shortlink":"https:\/\/wp.me\/p6RhLt-eBh","jetpack_sharing_enabled":true,"_links":{"self":[{"href":"https:\/\/eldiariodesanpedro.com.ar\/sitio\/wp-json\/wp\/v2\/posts\/56127","targetHints":{"allow":["GET"]}}],"collection":[{"href":"https:\/\/eldiariodesanpedro.com.ar\/sitio\/wp-json\/wp\/v2\/posts"}],"about":[{"href":"https:\/\/eldiariodesanpedro.com.ar\/sitio\/wp-json\/wp\/v2\/types\/post"}],"author":[{"embeddable":true,"href":"https:\/\/eldiariodesanpedro.com.ar\/sitio\/wp-json\/wp\/v2\/users\/4"}],"replies":[{"embeddable":true,"href":"https:\/\/eldiariodesanpedro.com.ar\/sitio\/wp-json\/wp\/v2\/comments?post=56127"}],"version-history":[{"count":1,"href":"https:\/\/eldiariodesanpedro.com.ar\/sitio\/wp-json\/wp\/v2\/posts\/56127\/revisions"}],"predecessor-version":[{"id":56128,"href":"https:\/\/eldiariodesanpedro.com.ar\/sitio\/wp-json\/wp\/v2\/posts\/56127\/revisions\/56128"}],"wp:featuredmedia":[{"embeddable":true,"href":"https:\/\/eldiariodesanpedro.com.ar\/sitio\/wp-json\/wp\/v2\/media\/47762"}],"wp:attachment":[{"href":"https:\/\/eldiariodesanpedro.com.ar\/sitio\/wp-json\/wp\/v2\/media?parent=56127"}],"wp:term":[{"taxonomy":"category","embeddable":true,"href":"https:\/\/eldiariodesanpedro.com.ar\/sitio\/wp-json\/wp\/v2\/categories?post=56127"},{"taxonomy":"post_tag","embeddable":true,"href":"https:\/\/eldiariodesanpedro.com.ar\/sitio\/wp-json\/wp\/v2\/tags?post=56127"}],"curies":[{"name":"wp","href":"https:\/\/api.w.org\/{rel}","templated":true}]}}