{"id":56121,"date":"2019-07-15T11:50:05","date_gmt":"2019-07-15T14:50:05","guid":{"rendered":"https:\/\/eldiariodesanpedro.com.ar\/sitio\/?p=56121"},"modified":"2019-07-15T12:35:31","modified_gmt":"2019-07-15T15:35:31","slug":"campana-se-realizo-un-importante-simulacro-de-emergencia","status":"publish","type":"post","link":"https:\/\/eldiariodesanpedro.com.ar\/sitio\/campana-se-realizo-un-importante-simulacro-de-emergencia\/","title":{"rendered":"CAMPANA: Se realiz\u00f3 un importante simulacro de emergencia"},"content":{"rendered":"<!-- VideographyWP Plugin Message: Automatic video embedding prevented by plugin options. -->\n\n<p>El resultado fue \u00absatisfactorio\u00bb, asegur\u00f3 el director de Defensa Civil tras concluir el protocolo de actuaci\u00f3n para evaluar la capacidad de respuesta y coordinaci\u00f3n de las fuerzas vivas intervinientes en un siniestro.<br><\/p>\n\n\n\n<p> Con la coordinaci\u00f3n y direcci\u00f3n de Defensa Civil, dependiente de la Secretar\u00eda de Seguridad y Prevenci\u00f3n Ciudadana del Municipio, y la participaci\u00f3n de diversas fuerzas vivas de la ciudad, se llev\u00f3 a cabo este s\u00e1bado un nuevo simulacro de emergencia.<\/p>\n\n\n\n<p>El hecho se mont\u00f3 en la Ruta Provincial N\u00ba 6 Km 199.5 (en cercan\u00edas al barrio Las Acacias) \u2013 con sentido a ruta Panamericana, donde se simul\u00f3 un accidente vial entre un cami\u00f3n con combustible, un auto particular y una camioneta del Servicio Penitenciario Bonaerense (SPB). Tambi\u00e9n, incluy\u00f3 un derrame de combustible, principio de incendio y heridos.<\/p>\n\n\n\n<p>\u201cEstamos muy satisfechos con el resultado del simulacro ya que se cumplieron ampliamente los objetivos ya que su pudo poner a prueba los protocolos y la capacidad de respuesta coordinada de todos los actores intervinientes en este tipo de situaciones\u201d, coment\u00f3 el director de DC, Juan Carlos Ruiz.<\/p>\n\n\n\n<p>Y agreg\u00f3: \u201cDe esta manera, evaluamos m\u00e1s c\u00f3mo se implementan los protocolos para, de ser necesario, realizar correcciones. Y una vez m\u00e1s podemos afirmar a la ciudadan\u00eda que Campana cuenta con instituciones y personas capacitadas y preparadas para actuar en emergencia\u201d.<\/p>\n\n\n\n<p>Participaron Gendarmer\u00eda Nacional, Bomberos voluntarios; SAME; Grupo de Apoyo Departamental (GAD); Polic\u00eda; Comando Patrulla; Servicio Penitenciario; Comit\u00e9 Zonal de Seguridad e Higiene Campana Z\u00e1rate; la empresa Beraldi; Cruz Roja; Defensa Civil y personal de la Direcci\u00f3n de Tr\u00e1nsito y Transporte, del \u00e1rea de Control y Regulaci\u00f3n Ambiental y de la Guardia Ambiental. <\/p>\n\n\n\n<p>Fuente: Campana Noticias<\/p>\n","protected":false},"excerpt":{"rendered":"<p>El resultado fue \u00absatisfactorio\u00bb, asegur\u00f3 el director de Defensa Civil tras concluir el protocolo de actuaci\u00f3n para evaluar la capacidad de respuesta y coordinaci\u00f3n de las fuerzas vivas intervinientes en un siniestro. Con la coordinaci\u00f3n y direcci\u00f3n de Defensa Civil, dependiente de la Secretar\u00eda de Seguridad y Prevenci\u00f3n Ciudadana del Municipio, y la participaci\u00f3n de [&hellip;]<\/p>\n","protected":false},"author":4,"featured_media":56135,"comment_status":"open","ping_status":"closed","sticky":false,"template":"","format":"standard","meta":{"om_disable_all_campaigns":false,"_jetpack_memberships_contains_paid_content":false,"footnotes":""},"categories":[621],"tags":[],"class_list":["post-56121","post","type-post","status-publish","format-standard","has-post-thumbnail","hentry","category-regionales"],"aioseo_notices":[],"gutentor_comment":0,"jetpack_featured_media_url":"https:\/\/eldiariodesanpedro.com.ar\/sitio\/wp-content\/uploads\/2019\/07\/20190715112135-1.jpg","jetpack_shortlink":"https:\/\/wp.me\/p6RhLt-eBb","jetpack_sharing_enabled":true,"_links":{"self":[{"href":"https:\/\/eldiariodesanpedro.com.ar\/sitio\/wp-json\/wp\/v2\/posts\/56121","targetHints":{"allow":["GET"]}}],"collection":[{"href":"https:\/\/eldiariodesanpedro.com.ar\/sitio\/wp-json\/wp\/v2\/posts"}],"about":[{"href":"https:\/\/eldiariodesanpedro.com.ar\/sitio\/wp-json\/wp\/v2\/types\/post"}],"author":[{"embeddable":true,"href":"https:\/\/eldiariodesanpedro.com.ar\/sitio\/wp-json\/wp\/v2\/users\/4"}],"replies":[{"embeddable":true,"href":"https:\/\/eldiariodesanpedro.com.ar\/sitio\/wp-json\/wp\/v2\/comments?post=56121"}],"version-history":[{"count":1,"href":"https:\/\/eldiariodesanpedro.com.ar\/sitio\/wp-json\/wp\/v2\/posts\/56121\/revisions"}],"predecessor-version":[{"id":56131,"href":"https:\/\/eldiariodesanpedro.com.ar\/sitio\/wp-json\/wp\/v2\/posts\/56121\/revisions\/56131"}],"wp:featuredmedia":[{"embeddable":true,"href":"https:\/\/eldiariodesanpedro.com.ar\/sitio\/wp-json\/wp\/v2\/media\/56135"}],"wp:attachment":[{"href":"https:\/\/eldiariodesanpedro.com.ar\/sitio\/wp-json\/wp\/v2\/media?parent=56121"}],"wp:term":[{"taxonomy":"category","embeddable":true,"href":"https:\/\/eldiariodesanpedro.com.ar\/sitio\/wp-json\/wp\/v2\/categories?post=56121"},{"taxonomy":"post_tag","embeddable":true,"href":"https:\/\/eldiariodesanpedro.com.ar\/sitio\/wp-json\/wp\/v2\/tags?post=56121"}],"curies":[{"name":"wp","href":"https:\/\/api.w.org\/{rel}","templated":true}]}}