{"id":5612,"date":"2016-06-21T19:07:57","date_gmt":"2016-06-21T22:07:57","guid":{"rendered":"https:\/\/eldiariodesanpedro.com.ar\/sitio\/?p=5612"},"modified":"2016-06-21T19:07:57","modified_gmt":"2016-06-21T22:07:57","slug":"relevamiento-en-el-barrio-obrero","status":"publish","type":"post","link":"https:\/\/eldiariodesanpedro.com.ar\/sitio\/relevamiento-en-el-barrio-obrero\/","title":{"rendered":"Relevamiento en el barrio Obrero"},"content":{"rendered":"<p><!-- VideographyWP Plugin Message: Automatic video embedding prevented by plugin options. --><br \/>\nPersonal del \u00e1rea de Asistencia Directa de la Secretar\u00eda de Desarrollo Humano, durante todo el fin de semana, estuvo realizando un relevamiento en el barrio Obrero de nuestra ciudad.<br \/>\nEstuvo enmarcado en el proyecto de obra de infraestructura para dicho barrio, que se est\u00e1 trabajando junto al equipo t\u00e9cnico de H\u00e1bitat y Vivienda, perteneciente al Ministerio de Desarrollo Social de la Naci\u00f3n.<\/p>\n","protected":false},"excerpt":{"rendered":"<p>Personal del \u00e1rea de Asistencia Directa de la Secretar\u00eda de Desarrollo Humano, durante todo el fin de semana, estuvo realizando un relevamiento en el barrio Obrero de nuestra ciudad. Estuvo enmarcado en el proyecto de obra de infraestructura para dicho barrio, que se est\u00e1 trabajando junto al equipo t\u00e9cnico de H\u00e1bitat y Vivienda, perteneciente al [&hellip;]<\/p>\n","protected":false},"author":4,"featured_media":5613,"comment_status":"open","ping_status":"closed","sticky":false,"template":"","format":"standard","meta":{"om_disable_all_campaigns":false,"_jetpack_memberships_contains_paid_content":false,"footnotes":""},"categories":[101,2],"tags":[],"class_list":["post-5612","post","type-post","status-publish","format-standard","has-post-thumbnail","hentry","category-interes-general-locales","category-locales"],"aioseo_notices":[],"gutentor_comment":0,"jetpack_featured_media_url":"https:\/\/eldiariodesanpedro.com.ar\/sitio\/wp-content\/uploads\/2016\/06\/PAGINA-6-02-2.jpeg","jetpack_shortlink":"https:\/\/wp.me\/p6RhLt-1sw","jetpack_sharing_enabled":true,"_links":{"self":[{"href":"https:\/\/eldiariodesanpedro.com.ar\/sitio\/wp-json\/wp\/v2\/posts\/5612","targetHints":{"allow":["GET"]}}],"collection":[{"href":"https:\/\/eldiariodesanpedro.com.ar\/sitio\/wp-json\/wp\/v2\/posts"}],"about":[{"href":"https:\/\/eldiariodesanpedro.com.ar\/sitio\/wp-json\/wp\/v2\/types\/post"}],"author":[{"embeddable":true,"href":"https:\/\/eldiariodesanpedro.com.ar\/sitio\/wp-json\/wp\/v2\/users\/4"}],"replies":[{"embeddable":true,"href":"https:\/\/eldiariodesanpedro.com.ar\/sitio\/wp-json\/wp\/v2\/comments?post=5612"}],"version-history":[{"count":1,"href":"https:\/\/eldiariodesanpedro.com.ar\/sitio\/wp-json\/wp\/v2\/posts\/5612\/revisions"}],"predecessor-version":[{"id":5614,"href":"https:\/\/eldiariodesanpedro.com.ar\/sitio\/wp-json\/wp\/v2\/posts\/5612\/revisions\/5614"}],"wp:featuredmedia":[{"embeddable":true,"href":"https:\/\/eldiariodesanpedro.com.ar\/sitio\/wp-json\/wp\/v2\/media\/5613"}],"wp:attachment":[{"href":"https:\/\/eldiariodesanpedro.com.ar\/sitio\/wp-json\/wp\/v2\/media?parent=5612"}],"wp:term":[{"taxonomy":"category","embeddable":true,"href":"https:\/\/eldiariodesanpedro.com.ar\/sitio\/wp-json\/wp\/v2\/categories?post=5612"},{"taxonomy":"post_tag","embeddable":true,"href":"https:\/\/eldiariodesanpedro.com.ar\/sitio\/wp-json\/wp\/v2\/tags?post=5612"}],"curies":[{"name":"wp","href":"https:\/\/api.w.org\/{rel}","templated":true}]}}