{"id":56118,"date":"2019-07-15T09:53:17","date_gmt":"2019-07-15T12:53:17","guid":{"rendered":"https:\/\/eldiariodesanpedro.com.ar\/sitio\/?p=56118"},"modified":"2019-07-15T09:53:21","modified_gmt":"2019-07-15T12:53:21","slug":"campana-dejo-su-auto-mal-estacionado-y-lo-embistio-un-tren","status":"publish","type":"post","link":"https:\/\/eldiariodesanpedro.com.ar\/sitio\/campana-dejo-su-auto-mal-estacionado-y-lo-embistio-un-tren\/","title":{"rendered":"CAMPANA: Dej\u00f3 su auto mal estacionado y lo embisti\u00f3 un tren"},"content":{"rendered":"<!-- VideographyWP Plugin Message: Automatic video embedding prevented by plugin options. -->\n\n<p>Un carguero realizaba movimientos para una empresa de la zona, e impact\u00f3 contra el veh\u00edculo detenido muy cerca de la v\u00eda. El auto fue aprisionado contra un poste. No hubo heridos. <\/p>\n\n\n\n<p>\n\nUn empleado de una empresa que realizaba tareas de log\u00edstica y movimientos en la playa ferroviaria de Berutti y Alem, sufri\u00f3 serios da\u00f1os en su veh\u00edculo luego de ser alcanzado por un tren de carga.<\/p>\n\n\n\n<p>El hecho ocurri\u00f3 cerca de las 18 horas, cuando el trabajador hab\u00eda dejado estacionado su Volkswagen Gol muy cerca de una v\u00eda en el ingreso de la terminal portuaria Euroam\u00e9rica. Fue cuando la formaci\u00f3n, que realizaba maniobras en dicho sector, embisti\u00f3 al auto con uno de sus vagones, apret\u00e1ndolo contra un poste.<\/p>\n\n\n\n<p>Por fortuna no hab\u00eda ocupantes en el rodado, el cual sufri\u00f3 serios da\u00f1os materiales. El maquinista responsabiliz\u00f3 al due\u00f1o del auto por el accidente.&nbsp;\n\n<\/p>\n","protected":false},"excerpt":{"rendered":"<p>Un carguero realizaba movimientos para una empresa de la zona, e impact\u00f3 contra el veh\u00edculo detenido muy cerca de la v\u00eda. El auto fue aprisionado contra un poste. No hubo heridos. Un empleado de una empresa que realizaba tareas de log\u00edstica y movimientos en la playa ferroviaria de Berutti y Alem, sufri\u00f3 serios da\u00f1os en [&hellip;]<\/p>\n","protected":false},"author":4,"featured_media":56119,"comment_status":"open","ping_status":"closed","sticky":false,"template":"","format":"standard","meta":{"om_disable_all_campaigns":false,"_jetpack_memberships_contains_paid_content":false,"footnotes":""},"categories":[621],"tags":[],"class_list":["post-56118","post","type-post","status-publish","format-standard","has-post-thumbnail","hentry","category-regionales"],"aioseo_notices":[],"gutentor_comment":0,"jetpack_featured_media_url":"https:\/\/eldiariodesanpedro.com.ar\/sitio\/wp-content\/uploads\/2019\/07\/20190714095304.jpg","jetpack_shortlink":"https:\/\/wp.me\/p6RhLt-eB8","jetpack_sharing_enabled":true,"_links":{"self":[{"href":"https:\/\/eldiariodesanpedro.com.ar\/sitio\/wp-json\/wp\/v2\/posts\/56118","targetHints":{"allow":["GET"]}}],"collection":[{"href":"https:\/\/eldiariodesanpedro.com.ar\/sitio\/wp-json\/wp\/v2\/posts"}],"about":[{"href":"https:\/\/eldiariodesanpedro.com.ar\/sitio\/wp-json\/wp\/v2\/types\/post"}],"author":[{"embeddable":true,"href":"https:\/\/eldiariodesanpedro.com.ar\/sitio\/wp-json\/wp\/v2\/users\/4"}],"replies":[{"embeddable":true,"href":"https:\/\/eldiariodesanpedro.com.ar\/sitio\/wp-json\/wp\/v2\/comments?post=56118"}],"version-history":[{"count":1,"href":"https:\/\/eldiariodesanpedro.com.ar\/sitio\/wp-json\/wp\/v2\/posts\/56118\/revisions"}],"predecessor-version":[{"id":56120,"href":"https:\/\/eldiariodesanpedro.com.ar\/sitio\/wp-json\/wp\/v2\/posts\/56118\/revisions\/56120"}],"wp:featuredmedia":[{"embeddable":true,"href":"https:\/\/eldiariodesanpedro.com.ar\/sitio\/wp-json\/wp\/v2\/media\/56119"}],"wp:attachment":[{"href":"https:\/\/eldiariodesanpedro.com.ar\/sitio\/wp-json\/wp\/v2\/media?parent=56118"}],"wp:term":[{"taxonomy":"category","embeddable":true,"href":"https:\/\/eldiariodesanpedro.com.ar\/sitio\/wp-json\/wp\/v2\/categories?post=56118"},{"taxonomy":"post_tag","embeddable":true,"href":"https:\/\/eldiariodesanpedro.com.ar\/sitio\/wp-json\/wp\/v2\/tags?post=56118"}],"curies":[{"name":"wp","href":"https:\/\/api.w.org\/{rel}","templated":true}]}}