{"id":56110,"date":"2019-07-15T09:47:10","date_gmt":"2019-07-15T12:47:10","guid":{"rendered":"https:\/\/eldiariodesanpedro.com.ar\/sitio\/?p=56110"},"modified":"2019-07-15T09:47:14","modified_gmt":"2019-07-15T12:47:14","slug":"arrecifes-nuevo-movil-para-la-policia-rural","status":"publish","type":"post","link":"https:\/\/eldiariodesanpedro.com.ar\/sitio\/arrecifes-nuevo-movil-para-la-policia-rural\/","title":{"rendered":"ARRECIFES: Nuevo m\u00f3vil para la Polic\u00eda Rural"},"content":{"rendered":"<!-- VideographyWP Plugin Message: Automatic video embedding prevented by plugin options. -->\n\n<p>\n\nEl intendente Javier Olaeta hizo entrega formal al Comando de Prevenci\u00f3n Rural de Arrecifes del nuevo patrullero enviado por el Gobierno de la Provincia de Buenos Aires a nuestro municipio.<\/p>\n\n\n\n<p>La semana pasada, en un acto llevado a cabo en la ciudad de San Vicente, Mar\u00eda Eugenia Vidal y su ministro de Seguridad, Cristian Ritondo, entregaron nuevos patrulleros para reforzar la seguridad en las zonas rurales bonaerenses.<\/p>\n\n\n\n<p>El director de Servicios Generales, Javier Bra\u00f1a, recibi\u00f3 el flamante m\u00f3vil que ya est\u00e1 funcionando en nuestro distrito, afectado a toda la zona rural bajo las directivas del secretario de Seguridad P\u00fablica, Jos\u00e9 Mar\u00eda Tenorio.<\/p>\n\n\n\n<p>\u201cHoy es un d\u00eda de avance en la provincia. Tenemos m\u00e1s de 300 m\u00f3viles rurales entregados para cuidar el campo de nuestra provincia\u201d, anunci\u00f3 la gobernadora. Y agreg\u00f3: \u201cMe gusta hablarles a los bonaerenses con hechos, no con discursos. Esta es la prueba de que nuestro principal objetivo es cuidarlos\u201d, explic\u00f3 en el Predio Ferial de San Vicente.<\/p>\n\n\n\n<p>La nueva unidad se suma a la flota actual de la Polic\u00eda Rural para potenciar las tareas de seguridad.<\/p>\n","protected":false},"excerpt":{"rendered":"<p>El intendente Javier Olaeta hizo entrega formal al Comando de Prevenci\u00f3n Rural de Arrecifes del nuevo patrullero enviado por el Gobierno de la Provincia de Buenos Aires a nuestro municipio. La semana pasada, en un acto llevado a cabo en la ciudad de San Vicente, Mar\u00eda Eugenia Vidal y su ministro de Seguridad, Cristian Ritondo, [&hellip;]<\/p>\n","protected":false},"author":4,"featured_media":56111,"comment_status":"open","ping_status":"closed","sticky":false,"template":"","format":"standard","meta":{"om_disable_all_campaigns":false,"_jetpack_memberships_contains_paid_content":false,"footnotes":""},"categories":[621],"tags":[],"class_list":["post-56110","post","type-post","status-publish","format-standard","has-post-thumbnail","hentry","category-regionales"],"aioseo_notices":[],"gutentor_comment":0,"jetpack_featured_media_url":"https:\/\/eldiariodesanpedro.com.ar\/sitio\/wp-content\/uploads\/2019\/07\/patrullero-olaeta-tenorio-822x510.jpg","jetpack_shortlink":"https:\/\/wp.me\/p6RhLt-eB0","jetpack_sharing_enabled":true,"_links":{"self":[{"href":"https:\/\/eldiariodesanpedro.com.ar\/sitio\/wp-json\/wp\/v2\/posts\/56110","targetHints":{"allow":["GET"]}}],"collection":[{"href":"https:\/\/eldiariodesanpedro.com.ar\/sitio\/wp-json\/wp\/v2\/posts"}],"about":[{"href":"https:\/\/eldiariodesanpedro.com.ar\/sitio\/wp-json\/wp\/v2\/types\/post"}],"author":[{"embeddable":true,"href":"https:\/\/eldiariodesanpedro.com.ar\/sitio\/wp-json\/wp\/v2\/users\/4"}],"replies":[{"embeddable":true,"href":"https:\/\/eldiariodesanpedro.com.ar\/sitio\/wp-json\/wp\/v2\/comments?post=56110"}],"version-history":[{"count":1,"href":"https:\/\/eldiariodesanpedro.com.ar\/sitio\/wp-json\/wp\/v2\/posts\/56110\/revisions"}],"predecessor-version":[{"id":56112,"href":"https:\/\/eldiariodesanpedro.com.ar\/sitio\/wp-json\/wp\/v2\/posts\/56110\/revisions\/56112"}],"wp:featuredmedia":[{"embeddable":true,"href":"https:\/\/eldiariodesanpedro.com.ar\/sitio\/wp-json\/wp\/v2\/media\/56111"}],"wp:attachment":[{"href":"https:\/\/eldiariodesanpedro.com.ar\/sitio\/wp-json\/wp\/v2\/media?parent=56110"}],"wp:term":[{"taxonomy":"category","embeddable":true,"href":"https:\/\/eldiariodesanpedro.com.ar\/sitio\/wp-json\/wp\/v2\/categories?post=56110"},{"taxonomy":"post_tag","embeddable":true,"href":"https:\/\/eldiariodesanpedro.com.ar\/sitio\/wp-json\/wp\/v2\/tags?post=56110"}],"curies":[{"name":"wp","href":"https:\/\/api.w.org\/{rel}","templated":true}]}}