{"id":56109,"date":"2019-07-15T09:53:51","date_gmt":"2019-07-15T12:53:51","guid":{"rendered":"https:\/\/eldiariodesanpedro.com.ar\/sitio\/?p=56109"},"modified":"2019-07-15T10:07:24","modified_gmt":"2019-07-15T13:07:24","slug":"danos-y-robo-al-supermercado-mitre-ahorro","status":"publish","type":"post","link":"https:\/\/eldiariodesanpedro.com.ar\/sitio\/danos-y-robo-al-supermercado-mitre-ahorro\/","title":{"rendered":"Da\u00f1os y robo al Supermercado Mitre Ahorro"},"content":{"rendered":"<!-- VideographyWP Plugin Message: Automatic video embedding prevented by plugin options. -->\n\n<p>Esta madrugada otro nuevo hecho delictivo fue protagonizado por un delincuente quien qued\u00f3 registrado en las c\u00e1maras de seguridad de un supermercado \u00abMitre Ahorro\u00bb, perteneciente al mismo due\u00f1o de Boulevar Ahorro sito en calle Tres de Febrero, quien ha sufrido numerosos robos en lo que va del a\u00f1o.<\/p>\n\n\n\n<p>Sucedi\u00f3 en la nueva sucursal ubicada en Mitre al 2500, propiedad de Enzo Gravino quien dialogo con los medios de comunicacion contando lo sucedido, \u00abla verdad que ya no se que mas hacer, que seguridad poner para no pasen estas cosas, c\u00e1maras, alarmas, candados, rejas, nada sirve\u00bb.<\/p>\n\n\n\n<p>Enzo ha sufrido numerosos hechos de robo y asalto a mano armada a sus cajeras, adem\u00e1s de da\u00f1os materiales, como en esta ocasi\u00f3n que el malviviente ingres\u00f3 violentando  una ventana de 20 x 40 cm, y revolviendo mercader\u00eda, tirando todo a su paso, rompiendo cableados del sistema de alarma y arrancando una caja registradora en busca de dinero.<\/p>\n\n\n\n<p>\u00abEl tipo estuvo como 10 minutos o m\u00e1s, se ve en las c\u00e1maras, muy pancho, la alarma sonaba porque me avis\u00f3 a mi celular, se escap\u00f3 con bebidas alcoh\u00f3licas\u00bb, culmin\u00f3.<\/p>\n\n\n\n<p>El comerciante radic\u00f3 su denuncia en la dependencia local donde se encuentran en tarea de investigaci\u00f3n con la intervenci\u00f3n de la fiscalia local.<\/p>\n","protected":false},"excerpt":{"rendered":"<p>Esta madrugada otro nuevo hecho delictivo fue protagonizado por un delincuente quien qued\u00f3 registrado en las c\u00e1maras de seguridad de un supermercado \u00abMitre Ahorro\u00bb, perteneciente al mismo due\u00f1o de Boulevar Ahorro sito en calle Tres de Febrero, quien ha sufrido numerosos robos en lo que va del a\u00f1o. Sucedi\u00f3 en la nueva sucursal ubicada en [&hellip;]<\/p>\n","protected":false},"author":4,"featured_media":26677,"comment_status":"open","ping_status":"closed","sticky":false,"template":"","format":"standard","meta":{"om_disable_all_campaigns":false,"_jetpack_memberships_contains_paid_content":false,"footnotes":""},"categories":[50,2,103],"tags":[],"class_list":["post-56109","post","type-post","status-publish","format-standard","has-post-thumbnail","hentry","category-destacadas","category-locales","category-policiales-locales"],"aioseo_notices":[],"gutentor_comment":0,"jetpack_featured_media_url":"https:\/\/eldiariodesanpedro.com.ar\/sitio\/wp-content\/uploads\/2017\/12\/patrullas-policia-noche.jpg","jetpack_shortlink":"https:\/\/wp.me\/p6RhLt-eAZ","jetpack_sharing_enabled":true,"_links":{"self":[{"href":"https:\/\/eldiariodesanpedro.com.ar\/sitio\/wp-json\/wp\/v2\/posts\/56109","targetHints":{"allow":["GET"]}}],"collection":[{"href":"https:\/\/eldiariodesanpedro.com.ar\/sitio\/wp-json\/wp\/v2\/posts"}],"about":[{"href":"https:\/\/eldiariodesanpedro.com.ar\/sitio\/wp-json\/wp\/v2\/types\/post"}],"author":[{"embeddable":true,"href":"https:\/\/eldiariodesanpedro.com.ar\/sitio\/wp-json\/wp\/v2\/users\/4"}],"replies":[{"embeddable":true,"href":"https:\/\/eldiariodesanpedro.com.ar\/sitio\/wp-json\/wp\/v2\/comments?post=56109"}],"version-history":[{"count":3,"href":"https:\/\/eldiariodesanpedro.com.ar\/sitio\/wp-json\/wp\/v2\/posts\/56109\/revisions"}],"predecessor-version":[{"id":56126,"href":"https:\/\/eldiariodesanpedro.com.ar\/sitio\/wp-json\/wp\/v2\/posts\/56109\/revisions\/56126"}],"wp:featuredmedia":[{"embeddable":true,"href":"https:\/\/eldiariodesanpedro.com.ar\/sitio\/wp-json\/wp\/v2\/media\/26677"}],"wp:attachment":[{"href":"https:\/\/eldiariodesanpedro.com.ar\/sitio\/wp-json\/wp\/v2\/media?parent=56109"}],"wp:term":[{"taxonomy":"category","embeddable":true,"href":"https:\/\/eldiariodesanpedro.com.ar\/sitio\/wp-json\/wp\/v2\/categories?post=56109"},{"taxonomy":"post_tag","embeddable":true,"href":"https:\/\/eldiariodesanpedro.com.ar\/sitio\/wp-json\/wp\/v2\/tags?post=56109"}],"curies":[{"name":"wp","href":"https:\/\/api.w.org\/{rel}","templated":true}]}}