{"id":5609,"date":"2016-06-21T19:06:57","date_gmt":"2016-06-21T22:06:57","guid":{"rendered":"https:\/\/eldiariodesanpedro.com.ar\/sitio\/?p=5609"},"modified":"2016-06-21T19:06:57","modified_gmt":"2016-06-21T22:06:57","slug":"ei-encuentro-del-programa-ampliado-de-inmunizaciones-pai","status":"publish","type":"post","link":"https:\/\/eldiariodesanpedro.com.ar\/sitio\/ei-encuentro-del-programa-ampliado-de-inmunizaciones-pai\/","title":{"rendered":"EI Encuentro del Programa Ampliado de Inmunizaciones (PAI)"},"content":{"rendered":"<p><!-- VideographyWP Plugin Message: Automatic video embedding prevented by plugin options. --><br \/>\nEl encuentro se llevar\u00e1 a cabo ma\u00f1ana mi\u00e9rcoles 22 de junio a partir de las 8.00, en el Sal\u00f3n Dorado de la Municipalidad de San Pedro (calle Pellegrini 150).<\/p>\n<p>Programa de actividades<br \/>\n8.00 a 9.00 Acreditaci\u00f3n \/ Autoridades Regionales: Dra. Adriana Torriggino (Directora Ejecutiva- H.D.R.S.IV) \/ Autoridades Municipio de San Pedro: Sr. Intendente Cecilio Salazar, Sr. secretario de Gobierno, Silvio Corti, Sr. secretario de Salud, Dr. Edgar Britos.<br \/>\n9.00 a 9.30 Pre-test Programa de Enfermedades Inmunoprevenibles.<br \/>\n9.30 a 11.00 Enfermedades inmunoprevenibles. Dra. Clide Coscia. (Resp. Regional de Programas Sanitarios).<br \/>\n11.00 a 11.30 Caf\u00e9<br \/>\n11.30 a 13.00 Vacunas del Calendario Oficial. Lic. Patricia Novoa (Resp. P.A.I. Regi\u00f3n Sanitaria IV)<br \/>\n13.00 a 13.45 Break<br \/>\n13.45 a 16.00 Vacunas del Calendario Oficial. \/ Cierre &#8211; Lic. Patricia Novoa (Resp. P.A.I. Regi\u00f3n Sanitaria IV)<\/p>\n<p>El segundo encuentro del PAI ser\u00e1 el mi\u00e9rcoles 29 de junio y tercero mi\u00e9rcoles 6 de julio, ambos de 8.00 a 16.00. <\/p>\n","protected":false},"excerpt":{"rendered":"<p>El encuentro se llevar\u00e1 a cabo ma\u00f1ana mi\u00e9rcoles 22 de junio a partir de las 8.00, en el Sal\u00f3n Dorado de la Municipalidad de San Pedro (calle Pellegrini 150). Programa de actividades 8.00 a 9.00 Acreditaci\u00f3n \/ Autoridades Regionales: Dra. Adriana Torriggino (Directora Ejecutiva- H.D.R.S.IV) \/ Autoridades Municipio de San Pedro: Sr. Intendente Cecilio Salazar, [&hellip;]<\/p>\n","protected":false},"author":4,"featured_media":5610,"comment_status":"open","ping_status":"closed","sticky":false,"template":"","format":"standard","meta":{"om_disable_all_campaigns":false,"_jetpack_memberships_contains_paid_content":false,"footnotes":""},"categories":[101,2],"tags":[],"class_list":["post-5609","post","type-post","status-publish","format-standard","has-post-thumbnail","hentry","category-interes-general-locales","category-locales"],"aioseo_notices":[],"gutentor_comment":0,"jetpack_featured_media_url":"https:\/\/eldiariodesanpedro.com.ar\/sitio\/wp-content\/uploads\/2016\/06\/Pai.jpg","jetpack_shortlink":"https:\/\/wp.me\/p6RhLt-1st","jetpack_sharing_enabled":true,"_links":{"self":[{"href":"https:\/\/eldiariodesanpedro.com.ar\/sitio\/wp-json\/wp\/v2\/posts\/5609","targetHints":{"allow":["GET"]}}],"collection":[{"href":"https:\/\/eldiariodesanpedro.com.ar\/sitio\/wp-json\/wp\/v2\/posts"}],"about":[{"href":"https:\/\/eldiariodesanpedro.com.ar\/sitio\/wp-json\/wp\/v2\/types\/post"}],"author":[{"embeddable":true,"href":"https:\/\/eldiariodesanpedro.com.ar\/sitio\/wp-json\/wp\/v2\/users\/4"}],"replies":[{"embeddable":true,"href":"https:\/\/eldiariodesanpedro.com.ar\/sitio\/wp-json\/wp\/v2\/comments?post=5609"}],"version-history":[{"count":1,"href":"https:\/\/eldiariodesanpedro.com.ar\/sitio\/wp-json\/wp\/v2\/posts\/5609\/revisions"}],"predecessor-version":[{"id":5611,"href":"https:\/\/eldiariodesanpedro.com.ar\/sitio\/wp-json\/wp\/v2\/posts\/5609\/revisions\/5611"}],"wp:featuredmedia":[{"embeddable":true,"href":"https:\/\/eldiariodesanpedro.com.ar\/sitio\/wp-json\/wp\/v2\/media\/5610"}],"wp:attachment":[{"href":"https:\/\/eldiariodesanpedro.com.ar\/sitio\/wp-json\/wp\/v2\/media?parent=5609"}],"wp:term":[{"taxonomy":"category","embeddable":true,"href":"https:\/\/eldiariodesanpedro.com.ar\/sitio\/wp-json\/wp\/v2\/categories?post=5609"},{"taxonomy":"post_tag","embeddable":true,"href":"https:\/\/eldiariodesanpedro.com.ar\/sitio\/wp-json\/wp\/v2\/tags?post=5609"}],"curies":[{"name":"wp","href":"https:\/\/api.w.org\/{rel}","templated":true}]}}