{"id":56088,"date":"2019-07-14T17:41:07","date_gmt":"2019-07-14T20:41:07","guid":{"rendered":"https:\/\/eldiariodesanpedro.com.ar\/sitio\/?p=56088"},"modified":"2019-07-14T17:41:11","modified_gmt":"2019-07-14T20:41:11","slug":"san-nicolas-nicoleno-detenido-por-prostitucion-de-menores","status":"publish","type":"post","link":"https:\/\/eldiariodesanpedro.com.ar\/sitio\/san-nicolas-nicoleno-detenido-por-prostitucion-de-menores\/","title":{"rendered":"SAN NICOL\u00c1S: Nicole\u00f1o detenido por prostituci\u00f3n de menores"},"content":{"rendered":"<!-- VideographyWP Plugin Message: Automatic video embedding prevented by plugin options. -->\n\n<p>\n\nEn las \u00faltimas horas fue aprehendido un sujeto de 56 a\u00f1os, domiciliado en barrio Prado Espa\u00f1ol, por el delito de Explotaci\u00f3n Econ\u00f3mica del Ejercicio de la Prostituci\u00f3n de Menores de 18 a\u00f1os. Tambi\u00e9n qued\u00f3 imputado por Tenencia Ilegal de Arma de fuego de Uso Civil y de Guerra.<\/p>\n\n\n\n<p>La investigaci\u00f3n comenz\u00f3 en febrero de este a\u00f1o y gracias a tareas de campo, escuchas telef\u00f3nica y reuni\u00f3n de elementos probatorios pudieron corroborar el aberrante delito ocurrido en nuestra ciudad.<br><br>Intervino personal de la Comisar\u00eda Tercera a cargo de la Comisario Natalia Rojas, dependiente de la Jefatura Departamental a cargo del Com Insp. Almada.&nbsp;<br><br>Se constat\u00f3 que al menos 5 menores oriundas de nuestra ciudad y de Villa Constituci\u00f3n estaban siendo v\u00edctimas de prostituci\u00f3n. El sujeto investigado se aprovechaba de la situaci\u00f3n de vulnerabilidad y desprotecci\u00f3n en la que viv\u00edan las jovencitas y las ofrec\u00eda a conocidos de \u00e9l para mantener relaciones sexuales a cambio de dinero.<br><br>Se trabaj\u00f3 de manera conjunta con la recientemente creada Polic\u00eda Judicial, que son Instructores Judiciales que trabajan en causas complejas, c\u00f3mo est\u00e1.&nbsp;<br><br>A ra\u00edz de las pruebas obtenidas, se solicit\u00f3 un allanamiento que se efectu\u00f3 en las \u00faltimas horas en el domicilio del investigado, ubicado en calle Salk entre el 550 y el 600 del B\u00b0 Prado Espa\u00f1ol.<br><br>En el lugar se secuestr\u00f3 un rev\u00f3lver calibre 38 largo; un revolver calibre 32 largo; una Escopeta calibre 16 doble ca\u00f1o; cartuchos varios; una notebook; un handy con frecuencia policial; 8 tel\u00e9fonos celulares de diferentes marcas; documentaci\u00f3n m\u00e9dica de las menores y otros elementos de inter\u00e9s que dejar\u00edan probada la comisi\u00f3n de los delitos investigados por parte de este sujeto.<br><br>Posteriormente, se procedi\u00f3 al resguardo de una menor de 15 a\u00f1os de edad la cual fue trasladada por personal de Prodenya a fines asistenciales.<br><br>El aprehendido es una persona muy conocida por hechos delictivos ocurridos en San Nicolas y la zona con un frondoso prontuario. Se trata de \u00abLolo\u00bb Marcatelli.&nbsp;<br><br>El fiscal que entiende en la causa es el Dr Dar\u00edo Giagnorio.<\/p>\n","protected":false},"excerpt":{"rendered":"<p>En las \u00faltimas horas fue aprehendido un sujeto de 56 a\u00f1os, domiciliado en barrio Prado Espa\u00f1ol, por el delito de Explotaci\u00f3n Econ\u00f3mica del Ejercicio de la Prostituci\u00f3n de Menores de 18 a\u00f1os. Tambi\u00e9n qued\u00f3 imputado por Tenencia Ilegal de Arma de fuego de Uso Civil y de Guerra. La investigaci\u00f3n comenz\u00f3 en febrero de este [&hellip;]<\/p>\n","protected":false},"author":4,"featured_media":56089,"comment_status":"open","ping_status":"closed","sticky":false,"template":"","format":"standard","meta":{"om_disable_all_campaigns":false,"_jetpack_memberships_contains_paid_content":false,"footnotes":""},"categories":[621],"tags":[],"class_list":["post-56088","post","type-post","status-publish","format-standard","has-post-thumbnail","hentry","category-regionales"],"aioseo_notices":[],"gutentor_comment":0,"jetpack_featured_media_url":"https:\/\/eldiariodesanpedro.com.ar\/sitio\/wp-content\/uploads\/2019\/07\/0_9_2.jpg","jetpack_shortlink":"https:\/\/wp.me\/p6RhLt-eAE","jetpack_sharing_enabled":true,"_links":{"self":[{"href":"https:\/\/eldiariodesanpedro.com.ar\/sitio\/wp-json\/wp\/v2\/posts\/56088","targetHints":{"allow":["GET"]}}],"collection":[{"href":"https:\/\/eldiariodesanpedro.com.ar\/sitio\/wp-json\/wp\/v2\/posts"}],"about":[{"href":"https:\/\/eldiariodesanpedro.com.ar\/sitio\/wp-json\/wp\/v2\/types\/post"}],"author":[{"embeddable":true,"href":"https:\/\/eldiariodesanpedro.com.ar\/sitio\/wp-json\/wp\/v2\/users\/4"}],"replies":[{"embeddable":true,"href":"https:\/\/eldiariodesanpedro.com.ar\/sitio\/wp-json\/wp\/v2\/comments?post=56088"}],"version-history":[{"count":1,"href":"https:\/\/eldiariodesanpedro.com.ar\/sitio\/wp-json\/wp\/v2\/posts\/56088\/revisions"}],"predecessor-version":[{"id":56090,"href":"https:\/\/eldiariodesanpedro.com.ar\/sitio\/wp-json\/wp\/v2\/posts\/56088\/revisions\/56090"}],"wp:featuredmedia":[{"embeddable":true,"href":"https:\/\/eldiariodesanpedro.com.ar\/sitio\/wp-json\/wp\/v2\/media\/56089"}],"wp:attachment":[{"href":"https:\/\/eldiariodesanpedro.com.ar\/sitio\/wp-json\/wp\/v2\/media?parent=56088"}],"wp:term":[{"taxonomy":"category","embeddable":true,"href":"https:\/\/eldiariodesanpedro.com.ar\/sitio\/wp-json\/wp\/v2\/categories?post=56088"},{"taxonomy":"post_tag","embeddable":true,"href":"https:\/\/eldiariodesanpedro.com.ar\/sitio\/wp-json\/wp\/v2\/tags?post=56088"}],"curies":[{"name":"wp","href":"https:\/\/api.w.org\/{rel}","templated":true}]}}