{"id":56085,"date":"2019-07-14T17:40:03","date_gmt":"2019-07-14T20:40:03","guid":{"rendered":"https:\/\/eldiariodesanpedro.com.ar\/sitio\/?p=56085"},"modified":"2019-07-14T17:40:07","modified_gmt":"2019-07-14T20:40:07","slug":"campana-una-mujer-perdio-la-vida-en-un-grave-accidente-en-la-rotonda-de-villanueva","status":"publish","type":"post","link":"https:\/\/eldiariodesanpedro.com.ar\/sitio\/campana-una-mujer-perdio-la-vida-en-un-grave-accidente-en-la-rotonda-de-villanueva\/","title":{"rendered":"CAMPANA: Una mujer perdi\u00f3 la vida en un grave accidente en la rotonda de Villanueva"},"content":{"rendered":"<!-- VideographyWP Plugin Message: Automatic video embedding prevented by plugin options. -->\n\n<p>\n\nEl grave accidente ocurri\u00f3 minutos antes de las 21 hs. del viernes a la altura de la rotonda de ruta 6 en el ingreso al barrio villanueva. La camioneta en la que viajaba junto a otras 3 personas volc\u00f3, al parecer al intentar esquivar los tanques de demarcaci\u00f3n de una obra que se realiza en la calzada, que adem\u00e1s no est\u00e1 iluminada.<\/p>\n\n\n\n<p>Un grave accidente tuvo lugar esta noche sobre ruta 6 a la altura de la rotonda del barrio villanueva, donde el conductor de una&nbsp;camioneta Renault Kangoo perdi\u00f3 el control y volc\u00f3, al parecer, al no poder esquivar los tanques que se\u00f1alizan obras sobre la calzada en una zona no iluminada.<\/p>\n\n\n\n<p>El veh\u00edculo dio varios tumbos y termin\u00f3 sobre el cantero que divide la ruta.<\/p>\n\n\n\n<p>En el utilitario viajaban cuatro personas de nuestra ciudad que volv\u00edan de un viaje a Santa fe. Tres de ellas fueron hospitalizados con heridas leves, pero lamentablemente una mujer de 45 a\u00f1os identificada como Patricia Arevalo falleci\u00f3.<\/p>\n\n\n\n<p>Trabajaron m\u00f3vil de Bomberos, SAME y Comando.<\/p>\n\n\n\n<p>Fuente: El Campanense Diario<\/p>\n","protected":false},"excerpt":{"rendered":"<p>El grave accidente ocurri\u00f3 minutos antes de las 21 hs. del viernes a la altura de la rotonda de ruta 6 en el ingreso al barrio villanueva. La camioneta en la que viajaba junto a otras 3 personas volc\u00f3, al parecer al intentar esquivar los tanques de demarcaci\u00f3n de una obra que se realiza en [&hellip;]<\/p>\n","protected":false},"author":4,"featured_media":56086,"comment_status":"open","ping_status":"closed","sticky":false,"template":"","format":"standard","meta":{"om_disable_all_campaigns":false,"_jetpack_memberships_contains_paid_content":false,"footnotes":""},"categories":[621],"tags":[],"class_list":["post-56085","post","type-post","status-publish","format-standard","has-post-thumbnail","hentry","category-regionales"],"aioseo_notices":[],"gutentor_comment":0,"jetpack_featured_media_url":"https:\/\/eldiariodesanpedro.com.ar\/sitio\/wp-content\/uploads\/2019\/07\/img-20190712-wa0055.jpg","jetpack_shortlink":"https:\/\/wp.me\/p6RhLt-eAB","jetpack_sharing_enabled":true,"_links":{"self":[{"href":"https:\/\/eldiariodesanpedro.com.ar\/sitio\/wp-json\/wp\/v2\/posts\/56085","targetHints":{"allow":["GET"]}}],"collection":[{"href":"https:\/\/eldiariodesanpedro.com.ar\/sitio\/wp-json\/wp\/v2\/posts"}],"about":[{"href":"https:\/\/eldiariodesanpedro.com.ar\/sitio\/wp-json\/wp\/v2\/types\/post"}],"author":[{"embeddable":true,"href":"https:\/\/eldiariodesanpedro.com.ar\/sitio\/wp-json\/wp\/v2\/users\/4"}],"replies":[{"embeddable":true,"href":"https:\/\/eldiariodesanpedro.com.ar\/sitio\/wp-json\/wp\/v2\/comments?post=56085"}],"version-history":[{"count":1,"href":"https:\/\/eldiariodesanpedro.com.ar\/sitio\/wp-json\/wp\/v2\/posts\/56085\/revisions"}],"predecessor-version":[{"id":56087,"href":"https:\/\/eldiariodesanpedro.com.ar\/sitio\/wp-json\/wp\/v2\/posts\/56085\/revisions\/56087"}],"wp:featuredmedia":[{"embeddable":true,"href":"https:\/\/eldiariodesanpedro.com.ar\/sitio\/wp-json\/wp\/v2\/media\/56086"}],"wp:attachment":[{"href":"https:\/\/eldiariodesanpedro.com.ar\/sitio\/wp-json\/wp\/v2\/media?parent=56085"}],"wp:term":[{"taxonomy":"category","embeddable":true,"href":"https:\/\/eldiariodesanpedro.com.ar\/sitio\/wp-json\/wp\/v2\/categories?post=56085"},{"taxonomy":"post_tag","embeddable":true,"href":"https:\/\/eldiariodesanpedro.com.ar\/sitio\/wp-json\/wp\/v2\/tags?post=56085"}],"curies":[{"name":"wp","href":"https:\/\/api.w.org\/{rel}","templated":true}]}}