{"id":56081,"date":"2019-07-14T17:38:33","date_gmt":"2019-07-14T20:38:33","guid":{"rendered":"https:\/\/eldiariodesanpedro.com.ar\/sitio\/?p=56081"},"modified":"2019-07-14T17:38:54","modified_gmt":"2019-07-14T20:38:54","slug":"campana-tenemos-un-proyecto-para-el-problema-del-transito-en-la-rotonda-de-mcdonalds","status":"publish","type":"post","link":"https:\/\/eldiariodesanpedro.com.ar\/sitio\/campana-tenemos-un-proyecto-para-el-problema-del-transito-en-la-rotonda-de-mcdonalds\/","title":{"rendered":"CAMPANA: \u201cTenemos un proyecto para el problema del tr\u00e1nsito en la rotonda de McDonald&#8217;s\u201d"},"content":{"rendered":"<!-- VideographyWP Plugin Message: Automatic video embedding prevented by plugin options. -->\n\n<p>Sobre la actual rotonda, dijo: \u00abtiene una mala ubicaci\u00f3n, y su di\u00e1metro es insuficiente para la circulaci\u00f3n de camiones y colectivos\u00bb, y anticip\u00f3 cu\u00e1l ser\u00eda su soluci\u00f3n. <\/p>\n\n\n\n<p>\n\nEl precandidato a intendente por el vecinalismo dentro de Consenso Federal explic\u00f3 la propuesta para resolver el tr\u00e1nsito en la zona de la rotonda de McDonald&#8217;s, que implica, adem\u00e1s, mejorar el acceso a los barrios que se desarrollaron en ese sector de la ciudad.<\/p>\n\n\n\n<p>\u201cEl crecimiento residencial de Campana se extiende a trav\u00e9s de la Ruta 6 desde la Avenida 6 de Julio. Muchos barrios han experimentado un crecimiento notable y se han creado muchos barrios nuevos. Es una zona en permanente expansi\u00f3n\u201d, destac\u00f3 Axel Cantlon, y agreg\u00f3:&nbsp;\u201cTambi\u00e9n aumenta por la circulaci\u00f3n de colectivos y camiones, debido a la terminal de \u00f3mnibus y a la expansi\u00f3n de Axion y otras industrias en la zona. El orden del tr\u00e1nsito all\u00ed debe ser remediado con urgencia para evitar el caos actual, pero tambi\u00e9n por el futuro de desarrollo de todo ese sector\u201d.<\/p>\n\n\n\n<p>Sobre la actual rotonda, dijo: \u00abtiene una mala ubicaci\u00f3n, y su di\u00e1metro es insuficiente para la circulaci\u00f3n de camiones y colectivos. Incluso el cruce de manos del tr\u00e1nsito debajo del puente de la Panamericana provoca la detenci\u00f3n de los veh\u00edculos, los camiones y los colectivos, que quedan atrapados cuando bajan de la ruta y obstaculizan la circulaci\u00f3n del tr\u00e1nsito.&nbsp;Para solucionar esos problemas, proponemos retirar la rotonda unos cincuenta metros en direcci\u00f3n a la cancha de Puerto Nuevo y modificar el trazado de la colectora sur por detr\u00e1s del local de comidas r\u00e1pidas y la terminal de \u00f3mnibus. Adem\u00e1s, pensamos realizar nuevos accesos a la Panamericana debajo del puente, que permitan el ingreso y egreso a la ruta sin cruce de manos, iguales a los existentes a la altura del cementerio\u201d.<\/p>\n\n\n\n<p>Seg\u00fan el candidato, \u201cesta propuesta, para su realizaci\u00f3n, debe contar con el trabajo en conjunto del Municipio y de Vialidad Nacional y Provincial. La ponemos a consideraci\u00f3n de la sociedad de Campana para que, por medio del debate, pueda ser considerada y mejorada\u201d.<\/p>\n\n\n\n<p>\u201cSomos un espacio pol\u00edtico de gente de Campana que est\u00e1 trabajando y pensando en la ciudad. No respondemos a los intereses de personas de Capital Federal. Somos representantes de los vecinos de Campana. Lamentablemente vemos que la lista del oficialismo fue copada por gente que responde a los intereses porte\u00f1os, como, por ejemplo, con la designaci\u00f3n de la primera candidata a Concejal Mariela Schvartz que, adem\u00e1s, reemplazar\u00e1 al intendente\u201d, concluy\u00f3 el precandidato del vecinalismo dentro de Consenso Federal. <\/p>\n\n\n\n<p>Fuente: Campana Noticias<\/p>\n","protected":false},"excerpt":{"rendered":"<p>Sobre la actual rotonda, dijo: \u00abtiene una mala ubicaci\u00f3n, y su di\u00e1metro es insuficiente para la circulaci\u00f3n de camiones y colectivos\u00bb, y anticip\u00f3 cu\u00e1l ser\u00eda su soluci\u00f3n. El precandidato a intendente por el vecinalismo dentro de Consenso Federal explic\u00f3 la propuesta para resolver el tr\u00e1nsito en la zona de la rotonda de McDonald&#8217;s, que implica, [&hellip;]<\/p>\n","protected":false},"author":4,"featured_media":56082,"comment_status":"open","ping_status":"closed","sticky":false,"template":"","format":"standard","meta":{"om_disable_all_campaigns":false,"_jetpack_memberships_contains_paid_content":false,"footnotes":""},"categories":[621],"tags":[],"class_list":["post-56081","post","type-post","status-publish","format-standard","has-post-thumbnail","hentry","category-regionales"],"aioseo_notices":[],"gutentor_comment":0,"jetpack_featured_media_url":"https:\/\/eldiariodesanpedro.com.ar\/sitio\/wp-content\/uploads\/2019\/07\/20190713063919.jpg","jetpack_shortlink":"https:\/\/wp.me\/p6RhLt-eAx","jetpack_sharing_enabled":true,"_links":{"self":[{"href":"https:\/\/eldiariodesanpedro.com.ar\/sitio\/wp-json\/wp\/v2\/posts\/56081","targetHints":{"allow":["GET"]}}],"collection":[{"href":"https:\/\/eldiariodesanpedro.com.ar\/sitio\/wp-json\/wp\/v2\/posts"}],"about":[{"href":"https:\/\/eldiariodesanpedro.com.ar\/sitio\/wp-json\/wp\/v2\/types\/post"}],"author":[{"embeddable":true,"href":"https:\/\/eldiariodesanpedro.com.ar\/sitio\/wp-json\/wp\/v2\/users\/4"}],"replies":[{"embeddable":true,"href":"https:\/\/eldiariodesanpedro.com.ar\/sitio\/wp-json\/wp\/v2\/comments?post=56081"}],"version-history":[{"count":2,"href":"https:\/\/eldiariodesanpedro.com.ar\/sitio\/wp-json\/wp\/v2\/posts\/56081\/revisions"}],"predecessor-version":[{"id":56084,"href":"https:\/\/eldiariodesanpedro.com.ar\/sitio\/wp-json\/wp\/v2\/posts\/56081\/revisions\/56084"}],"wp:featuredmedia":[{"embeddable":true,"href":"https:\/\/eldiariodesanpedro.com.ar\/sitio\/wp-json\/wp\/v2\/media\/56082"}],"wp:attachment":[{"href":"https:\/\/eldiariodesanpedro.com.ar\/sitio\/wp-json\/wp\/v2\/media?parent=56081"}],"wp:term":[{"taxonomy":"category","embeddable":true,"href":"https:\/\/eldiariodesanpedro.com.ar\/sitio\/wp-json\/wp\/v2\/categories?post=56081"},{"taxonomy":"post_tag","embeddable":true,"href":"https:\/\/eldiariodesanpedro.com.ar\/sitio\/wp-json\/wp\/v2\/tags?post=56081"}],"curies":[{"name":"wp","href":"https:\/\/api.w.org\/{rel}","templated":true}]}}