{"id":56078,"date":"2019-07-14T17:37:12","date_gmt":"2019-07-14T20:37:12","guid":{"rendered":"https:\/\/eldiariodesanpedro.com.ar\/sitio\/?p=56078"},"modified":"2019-07-14T17:37:16","modified_gmt":"2019-07-14T20:37:16","slug":"baradero-chocaron-dos-motos-una-se-incendio","status":"publish","type":"post","link":"https:\/\/eldiariodesanpedro.com.ar\/sitio\/baradero-chocaron-dos-motos-una-se-incendio\/","title":{"rendered":"BARADERO: Chocaron dos motos, una se incendi\u00f3"},"content":{"rendered":"<!-- VideographyWP Plugin Message: Automatic video embedding prevented by plugin options. -->\n\n<p>Dos motocicletas colisionaron en la ma\u00f1ana de , aproximadamente 10:45,\u00a0 en Av. San Mart\u00edn y Jujuy. Una de ellas se incendi\u00f3 autom\u00e1ticamente.<\/p>\n\n\n\n<p>Una de las motos, de 110 cc,\u00a0 trasladaba a dos jovenes, un hombre y una mujer quienes sufrieron lesiones. En cuanto a la moto incendiada, de 125 cc, era conducida por un hombre mayor quien tambi\u00e9n fue trasladado al Hospital Municipal. En el lugar trabaj\u00f3 Bomberos Voluntarios y Polic\u00eda Comunal.<\/p>\n\n\n\n<p>Fuente: Baradero Te Informa<\/p>\n","protected":false},"excerpt":{"rendered":"<p>Dos motocicletas colisionaron en la ma\u00f1ana de , aproximadamente 10:45,\u00a0 en Av. San Mart\u00edn y Jujuy. Una de ellas se incendi\u00f3 autom\u00e1ticamente. Una de las motos, de 110 cc,\u00a0 trasladaba a dos jovenes, un hombre y una mujer quienes sufrieron lesiones. En cuanto a la moto incendiada, de 125 cc, era conducida por un hombre [&hellip;]<\/p>\n","protected":false},"author":4,"featured_media":56079,"comment_status":"open","ping_status":"closed","sticky":false,"template":"","format":"standard","meta":{"om_disable_all_campaigns":false,"_jetpack_memberships_contains_paid_content":false,"footnotes":""},"categories":[621],"tags":[],"class_list":["post-56078","post","type-post","status-publish","format-standard","has-post-thumbnail","hentry","category-regionales"],"aioseo_notices":[],"gutentor_comment":0,"jetpack_featured_media_url":"https:\/\/eldiariodesanpedro.com.ar\/sitio\/wp-content\/uploads\/2019\/07\/66582157_2524855631075287_5301690493262888960_n.jpg","jetpack_shortlink":"https:\/\/wp.me\/p6RhLt-eAu","jetpack_sharing_enabled":true,"_links":{"self":[{"href":"https:\/\/eldiariodesanpedro.com.ar\/sitio\/wp-json\/wp\/v2\/posts\/56078","targetHints":{"allow":["GET"]}}],"collection":[{"href":"https:\/\/eldiariodesanpedro.com.ar\/sitio\/wp-json\/wp\/v2\/posts"}],"about":[{"href":"https:\/\/eldiariodesanpedro.com.ar\/sitio\/wp-json\/wp\/v2\/types\/post"}],"author":[{"embeddable":true,"href":"https:\/\/eldiariodesanpedro.com.ar\/sitio\/wp-json\/wp\/v2\/users\/4"}],"replies":[{"embeddable":true,"href":"https:\/\/eldiariodesanpedro.com.ar\/sitio\/wp-json\/wp\/v2\/comments?post=56078"}],"version-history":[{"count":1,"href":"https:\/\/eldiariodesanpedro.com.ar\/sitio\/wp-json\/wp\/v2\/posts\/56078\/revisions"}],"predecessor-version":[{"id":56080,"href":"https:\/\/eldiariodesanpedro.com.ar\/sitio\/wp-json\/wp\/v2\/posts\/56078\/revisions\/56080"}],"wp:featuredmedia":[{"embeddable":true,"href":"https:\/\/eldiariodesanpedro.com.ar\/sitio\/wp-json\/wp\/v2\/media\/56079"}],"wp:attachment":[{"href":"https:\/\/eldiariodesanpedro.com.ar\/sitio\/wp-json\/wp\/v2\/media?parent=56078"}],"wp:term":[{"taxonomy":"category","embeddable":true,"href":"https:\/\/eldiariodesanpedro.com.ar\/sitio\/wp-json\/wp\/v2\/categories?post=56078"},{"taxonomy":"post_tag","embeddable":true,"href":"https:\/\/eldiariodesanpedro.com.ar\/sitio\/wp-json\/wp\/v2\/tags?post=56078"}],"curies":[{"name":"wp","href":"https:\/\/api.w.org\/{rel}","templated":true}]}}