{"id":56067,"date":"2019-07-14T16:32:12","date_gmt":"2019-07-14T19:32:12","guid":{"rendered":"https:\/\/eldiariodesanpedro.com.ar\/sitio\/?p=56067"},"modified":"2019-07-14T16:32:17","modified_gmt":"2019-07-14T19:32:17","slug":"robaron-3000-rosas-en-un-vivero","status":"publish","type":"post","link":"https:\/\/eldiariodesanpedro.com.ar\/sitio\/robaron-3000-rosas-en-un-vivero\/","title":{"rendered":"Robaron 3000 rosas en un vivero"},"content":{"rendered":"<!-- VideographyWP Plugin Message: Automatic video embedding prevented by plugin options. -->\n\n<p>En la comisar\u00eda local se recibi\u00f3 la denuncia de un un hombre de 43 a\u00f1os de edad quien fue v\u00edctima de un il\u00edcito.<\/p>\n\n\n\n<p>El hecho ocurri\u00f3 en el transcurso del fin de semana largo pasado en la zona rural del Camino a La Buena Moza, donde el propietario del lugar se ausento durante los cuatro dias volviendo el miercoles 10 de julio, al llegar al lugar constata que sujetos ignorados sustraen 3000 plantas de rosas.<br><\/p>\n","protected":false},"excerpt":{"rendered":"<p>En la comisar\u00eda local se recibi\u00f3 la denuncia de un un hombre de 43 a\u00f1os de edad quien fue v\u00edctima de un il\u00edcito. El hecho ocurri\u00f3 en el transcurso del fin de semana largo pasado en la zona rural del Camino a La Buena Moza, donde el propietario del lugar se ausento durante los cuatro [&hellip;]<\/p>\n","protected":false},"author":4,"featured_media":56068,"comment_status":"open","ping_status":"closed","sticky":false,"template":"","format":"standard","meta":{"om_disable_all_campaigns":false,"_jetpack_memberships_contains_paid_content":false,"footnotes":""},"categories":[2,103],"tags":[],"class_list":["post-56067","post","type-post","status-publish","format-standard","has-post-thumbnail","hentry","category-locales","category-policiales-locales"],"aioseo_notices":[],"gutentor_comment":0,"jetpack_featured_media_url":"https:\/\/eldiariodesanpedro.com.ar\/sitio\/wp-content\/uploads\/2019\/07\/07-f2.jpg","jetpack_shortlink":"https:\/\/wp.me\/p6RhLt-eAj","jetpack_sharing_enabled":true,"_links":{"self":[{"href":"https:\/\/eldiariodesanpedro.com.ar\/sitio\/wp-json\/wp\/v2\/posts\/56067","targetHints":{"allow":["GET"]}}],"collection":[{"href":"https:\/\/eldiariodesanpedro.com.ar\/sitio\/wp-json\/wp\/v2\/posts"}],"about":[{"href":"https:\/\/eldiariodesanpedro.com.ar\/sitio\/wp-json\/wp\/v2\/types\/post"}],"author":[{"embeddable":true,"href":"https:\/\/eldiariodesanpedro.com.ar\/sitio\/wp-json\/wp\/v2\/users\/4"}],"replies":[{"embeddable":true,"href":"https:\/\/eldiariodesanpedro.com.ar\/sitio\/wp-json\/wp\/v2\/comments?post=56067"}],"version-history":[{"count":1,"href":"https:\/\/eldiariodesanpedro.com.ar\/sitio\/wp-json\/wp\/v2\/posts\/56067\/revisions"}],"predecessor-version":[{"id":56069,"href":"https:\/\/eldiariodesanpedro.com.ar\/sitio\/wp-json\/wp\/v2\/posts\/56067\/revisions\/56069"}],"wp:featuredmedia":[{"embeddable":true,"href":"https:\/\/eldiariodesanpedro.com.ar\/sitio\/wp-json\/wp\/v2\/media\/56068"}],"wp:attachment":[{"href":"https:\/\/eldiariodesanpedro.com.ar\/sitio\/wp-json\/wp\/v2\/media?parent=56067"}],"wp:term":[{"taxonomy":"category","embeddable":true,"href":"https:\/\/eldiariodesanpedro.com.ar\/sitio\/wp-json\/wp\/v2\/categories?post=56067"},{"taxonomy":"post_tag","embeddable":true,"href":"https:\/\/eldiariodesanpedro.com.ar\/sitio\/wp-json\/wp\/v2\/tags?post=56067"}],"curies":[{"name":"wp","href":"https:\/\/api.w.org\/{rel}","templated":true}]}}