{"id":56064,"date":"2019-07-14T16:29:11","date_gmt":"2019-07-14T19:29:11","guid":{"rendered":"https:\/\/eldiariodesanpedro.com.ar\/sitio\/?p=56064"},"modified":"2019-07-14T16:29:16","modified_gmt":"2019-07-14T19:29:16","slug":"tres-accidentes-de-transitos-durante-el-fin-de-semana","status":"publish","type":"post","link":"https:\/\/eldiariodesanpedro.com.ar\/sitio\/tres-accidentes-de-transitos-durante-el-fin-de-semana\/","title":{"rendered":"Tres accidentes de tr\u00e1nsitos durante el fin de semana"},"content":{"rendered":"<!-- VideographyWP Plugin Message: Automatic video embedding prevented by plugin options. -->\n\n<p>Durante el fin de semana ocurrieron varios siniestros viales donde hubo personas heridas, una de ellas debi\u00f3 ser intervenida quir\u00fargicamente en un grave choque frontal.<\/p>\n\n\n\n<p>Este s\u00e1bado en las primeras horas del d\u00eda alrededor de las 05:30 hs, por causas que se tratan de establecer, en Lucio Mansilla altura paraje Baso camino Vuelta de Obligado, se produce una colisi\u00f3n de frente entre un autom\u00f3vil VW Gol color rojo en donde iban dos ocupantes femeninas y el otro una camioneta Chevrolet S10 color blanca en el que viajaba otra mujer, todas mayores de edad.<br>Como resultado del impacto fueron trasladadas al Hospital Local por el SAME con lesiones y politraumatismos de diversas consideraci\u00f3n. Una de ellas que conduc\u00eda el autom\u00f3vil fue intervenida quir\u00fargicamente por presentarse en estado delicado y por el momento se recupera favorablemente; por su parte las otras dos vecinas de la localidad&nbsp; de Gobernador Castro quedaron internadas en observaci\u00f3n.&nbsp;<\/p>\n\n\n\n<p>Otro accidente se produjo en la tarde del s\u00e1bado alrededor de las 15:15 hs en la Av. 3 de Febrero y Depietri, donde por razones se trata de establecer masculino de 25 a\u00f1os de edad, conductor motocicleta Gilera Smash 110 cc, colisiona con autom\u00f3vil Ford Fiesta conducido por una mujer de 30 a\u00f1os. Conductor rodado menor con lesiones leves trasladado al nosocomio local.<\/p>\n\n\n\n<p>Tambi\u00e9n el mismo dia en hora de la madrugada y por causas se tratan de establecer en Ruta 1001 km 8 jurisdicci\u00f3n R\u00edo Tala, un autom\u00f3vil VW Fox guiado por un ciudadano&nbsp; mayor de edad y acompa\u00f1ado por su pareja femenina, colisionan un equino, el cual muere en el acto en el lugar. Consecuencia ambos ocupantes del rodado presentan lesiones leves. Recordemos que durante estas \u00faltimas semanas se realizaron varias denuncias por equinos sueltos que pudieron haber terminado en una desgracia.<br><\/p>\n","protected":false},"excerpt":{"rendered":"<p>Durante el fin de semana ocurrieron varios siniestros viales donde hubo personas heridas, una de ellas debi\u00f3 ser intervenida quir\u00fargicamente en un grave choque frontal. Este s\u00e1bado en las primeras horas del d\u00eda alrededor de las 05:30 hs, por causas que se tratan de establecer, en Lucio Mansilla altura paraje Baso camino Vuelta de Obligado, [&hellip;]<\/p>\n","protected":false},"author":4,"featured_media":56065,"comment_status":"open","ping_status":"closed","sticky":false,"template":"","format":"standard","meta":{"om_disable_all_campaigns":false,"_jetpack_memberships_contains_paid_content":false,"footnotes":""},"categories":[50,2,103],"tags":[],"class_list":["post-56064","post","type-post","status-publish","format-standard","has-post-thumbnail","hentry","category-destacadas","category-locales","category-policiales-locales"],"aioseo_notices":[],"gutentor_comment":0,"jetpack_featured_media_url":"https:\/\/eldiariodesanpedro.com.ar\/sitio\/wp-content\/uploads\/2019\/07\/whatsapp_image_2019-07-13_at_10.52.07_1.jpeg","jetpack_shortlink":"https:\/\/wp.me\/p6RhLt-eAg","jetpack_sharing_enabled":true,"_links":{"self":[{"href":"https:\/\/eldiariodesanpedro.com.ar\/sitio\/wp-json\/wp\/v2\/posts\/56064","targetHints":{"allow":["GET"]}}],"collection":[{"href":"https:\/\/eldiariodesanpedro.com.ar\/sitio\/wp-json\/wp\/v2\/posts"}],"about":[{"href":"https:\/\/eldiariodesanpedro.com.ar\/sitio\/wp-json\/wp\/v2\/types\/post"}],"author":[{"embeddable":true,"href":"https:\/\/eldiariodesanpedro.com.ar\/sitio\/wp-json\/wp\/v2\/users\/4"}],"replies":[{"embeddable":true,"href":"https:\/\/eldiariodesanpedro.com.ar\/sitio\/wp-json\/wp\/v2\/comments?post=56064"}],"version-history":[{"count":1,"href":"https:\/\/eldiariodesanpedro.com.ar\/sitio\/wp-json\/wp\/v2\/posts\/56064\/revisions"}],"predecessor-version":[{"id":56066,"href":"https:\/\/eldiariodesanpedro.com.ar\/sitio\/wp-json\/wp\/v2\/posts\/56064\/revisions\/56066"}],"wp:featuredmedia":[{"embeddable":true,"href":"https:\/\/eldiariodesanpedro.com.ar\/sitio\/wp-json\/wp\/v2\/media\/56065"}],"wp:attachment":[{"href":"https:\/\/eldiariodesanpedro.com.ar\/sitio\/wp-json\/wp\/v2\/media?parent=56064"}],"wp:term":[{"taxonomy":"category","embeddable":true,"href":"https:\/\/eldiariodesanpedro.com.ar\/sitio\/wp-json\/wp\/v2\/categories?post=56064"},{"taxonomy":"post_tag","embeddable":true,"href":"https:\/\/eldiariodesanpedro.com.ar\/sitio\/wp-json\/wp\/v2\/tags?post=56064"}],"curies":[{"name":"wp","href":"https:\/\/api.w.org\/{rel}","templated":true}]}}