{"id":5606,"date":"2016-06-21T18:59:22","date_gmt":"2016-06-21T21:59:22","guid":{"rendered":"https:\/\/eldiariodesanpedro.com.ar\/sitio\/?p=5606"},"modified":"2016-06-21T18:59:22","modified_gmt":"2016-06-21T21:59:22","slug":"concierto-de-guitarras","status":"publish","type":"post","link":"https:\/\/eldiariodesanpedro.com.ar\/sitio\/concierto-de-guitarras\/","title":{"rendered":"Concierto de guitarras"},"content":{"rendered":"<p><!-- VideographyWP Plugin Message: Automatic video embedding prevented by plugin options. --><br \/>\nEl Conservatorio de M\u00fasica de San Pedro Carlos Guastavino tiene el agrado de invitar al Concierto de Guitarras, apertura del ciclo de Extensi\u00f3n Cultural 2016.<br \/>\nContar\u00e1 con la participaci\u00f3n del Cuarteto de Guitarras (integrado por Oscar Alberici, Enzo Buscalia, Ver\u00f3nica Castro e Ivana Rodr\u00edguez), de Roberto M\u00e1rquez y del d\u00fao de guitarras V\u00edctor Ladino-Daniel Poloni.<br \/>\nEl Concierto se realizar\u00e1 el viernes 24 de junio en el Teatro Siripo (Oliveira C\u00e9sar esq. Salta), a partir de las 20.00 horas. La entrada es libre y gratuita. <\/p>\n","protected":false},"excerpt":{"rendered":"<p>El Conservatorio de M\u00fasica de San Pedro Carlos Guastavino tiene el agrado de invitar al Concierto de Guitarras, apertura del ciclo de Extensi\u00f3n Cultural 2016. Contar\u00e1 con la participaci\u00f3n del Cuarteto de Guitarras (integrado por Oscar Alberici, Enzo Buscalia, Ver\u00f3nica Castro e Ivana Rodr\u00edguez), de Roberto M\u00e1rquez y del d\u00fao de guitarras V\u00edctor Ladino-Daniel Poloni. [&hellip;]<\/p>\n","protected":false},"author":4,"featured_media":5607,"comment_status":"open","ping_status":"closed","sticky":false,"template":"","format":"standard","meta":{"om_disable_all_campaigns":false,"_jetpack_memberships_contains_paid_content":false,"footnotes":""},"categories":[101,2],"tags":[],"class_list":["post-5606","post","type-post","status-publish","format-standard","has-post-thumbnail","hentry","category-interes-general-locales","category-locales"],"aioseo_notices":[],"gutentor_comment":0,"jetpack_featured_media_url":"https:\/\/eldiariodesanpedro.com.ar\/sitio\/wp-content\/uploads\/2016\/06\/PAGINA-6-01-1.jpg","jetpack_shortlink":"https:\/\/wp.me\/p6RhLt-1sq","jetpack_sharing_enabled":true,"_links":{"self":[{"href":"https:\/\/eldiariodesanpedro.com.ar\/sitio\/wp-json\/wp\/v2\/posts\/5606","targetHints":{"allow":["GET"]}}],"collection":[{"href":"https:\/\/eldiariodesanpedro.com.ar\/sitio\/wp-json\/wp\/v2\/posts"}],"about":[{"href":"https:\/\/eldiariodesanpedro.com.ar\/sitio\/wp-json\/wp\/v2\/types\/post"}],"author":[{"embeddable":true,"href":"https:\/\/eldiariodesanpedro.com.ar\/sitio\/wp-json\/wp\/v2\/users\/4"}],"replies":[{"embeddable":true,"href":"https:\/\/eldiariodesanpedro.com.ar\/sitio\/wp-json\/wp\/v2\/comments?post=5606"}],"version-history":[{"count":1,"href":"https:\/\/eldiariodesanpedro.com.ar\/sitio\/wp-json\/wp\/v2\/posts\/5606\/revisions"}],"predecessor-version":[{"id":5608,"href":"https:\/\/eldiariodesanpedro.com.ar\/sitio\/wp-json\/wp\/v2\/posts\/5606\/revisions\/5608"}],"wp:featuredmedia":[{"embeddable":true,"href":"https:\/\/eldiariodesanpedro.com.ar\/sitio\/wp-json\/wp\/v2\/media\/5607"}],"wp:attachment":[{"href":"https:\/\/eldiariodesanpedro.com.ar\/sitio\/wp-json\/wp\/v2\/media?parent=5606"}],"wp:term":[{"taxonomy":"category","embeddable":true,"href":"https:\/\/eldiariodesanpedro.com.ar\/sitio\/wp-json\/wp\/v2\/categories?post=5606"},{"taxonomy":"post_tag","embeddable":true,"href":"https:\/\/eldiariodesanpedro.com.ar\/sitio\/wp-json\/wp\/v2\/tags?post=5606"}],"curies":[{"name":"wp","href":"https:\/\/api.w.org\/{rel}","templated":true}]}}