{"id":56053,"date":"2019-07-14T00:54:13","date_gmt":"2019-07-14T03:54:13","guid":{"rendered":"https:\/\/eldiariodesanpedro.com.ar\/sitio\/?p=56053"},"modified":"2019-07-14T00:55:23","modified_gmt":"2019-07-14T03:55:23","slug":"un-delincuente-roba-una-camioneta-estacionada-en-la-via-publica","status":"publish","type":"post","link":"https:\/\/eldiariodesanpedro.com.ar\/sitio\/un-delincuente-roba-una-camioneta-estacionada-en-la-via-publica\/","title":{"rendered":"Un delincuente roba una camioneta estacionada en la v\u00eda p\u00fablica"},"content":{"rendered":"<!-- VideographyWP Plugin Message: Automatic video embedding prevented by plugin options. -->\n\n<p>El hecho ocurri\u00f3 esta madrugada de s\u00e1bado alrededor de las 4:30 hs en calle Ituzaingo casi Alvear.<\/p>\n\n\n\n<p>En el video se puede ver el momento que el delincuente fuerza la puerta de la camioneta perteneciente a un comisionista de nuestra ciudad. <\/p>\n\n\n\n<p>Afortunadamente dentro del veh\u00edculo hab\u00eda papeles y solo eso pudo llevarse, pero en di\u00e1logo con el propietario nos advirti\u00f3 que no es la primera vez que le ocurre, hace dos meses le hab\u00eda sucedido algo similar y que esa calle en ese sector a la madrugada es tierra de nadie. <\/p>\n\n\n\n<figure class=\"wp-block-video\"><video controls src=\"https:\/\/eldiariodesanpedro.com.ar\/sitio\/wp-content\/uploads\/2019\/07\/WhatsApp-Video-2019-07-13-at-23.58.49-1.mp4\"><\/video><\/figure>\n","protected":false},"excerpt":{"rendered":"<p>El hecho ocurri\u00f3 esta madrugada de s\u00e1bado alrededor de las 4:30 hs en calle Ituzaingo casi Alvear. En el video se puede ver el momento que el delincuente fuerza la puerta de la camioneta perteneciente a un comisionista de nuestra ciudad. Afortunadamente dentro del veh\u00edculo hab\u00eda papeles y solo eso pudo llevarse, pero en di\u00e1logo [&hellip;]<\/p>\n","protected":false},"author":4,"featured_media":56056,"comment_status":"open","ping_status":"closed","sticky":false,"template":"","format":"standard","meta":{"om_disable_all_campaigns":false,"_jetpack_memberships_contains_paid_content":false,"footnotes":""},"categories":[50,2,103],"tags":[],"class_list":["post-56053","post","type-post","status-publish","format-standard","has-post-thumbnail","hentry","category-destacadas","category-locales","category-policiales-locales"],"aioseo_notices":[],"gutentor_comment":0,"jetpack_featured_media_url":"https:\/\/eldiariodesanpedro.com.ar\/sitio\/wp-content\/uploads\/2019\/07\/20190714_002545.jpg","jetpack_shortlink":"https:\/\/wp.me\/p6RhLt-eA5","jetpack_sharing_enabled":true,"_links":{"self":[{"href":"https:\/\/eldiariodesanpedro.com.ar\/sitio\/wp-json\/wp\/v2\/posts\/56053","targetHints":{"allow":["GET"]}}],"collection":[{"href":"https:\/\/eldiariodesanpedro.com.ar\/sitio\/wp-json\/wp\/v2\/posts"}],"about":[{"href":"https:\/\/eldiariodesanpedro.com.ar\/sitio\/wp-json\/wp\/v2\/types\/post"}],"author":[{"embeddable":true,"href":"https:\/\/eldiariodesanpedro.com.ar\/sitio\/wp-json\/wp\/v2\/users\/4"}],"replies":[{"embeddable":true,"href":"https:\/\/eldiariodesanpedro.com.ar\/sitio\/wp-json\/wp\/v2\/comments?post=56053"}],"version-history":[{"count":1,"href":"https:\/\/eldiariodesanpedro.com.ar\/sitio\/wp-json\/wp\/v2\/posts\/56053\/revisions"}],"predecessor-version":[{"id":56063,"href":"https:\/\/eldiariodesanpedro.com.ar\/sitio\/wp-json\/wp\/v2\/posts\/56053\/revisions\/56063"}],"wp:featuredmedia":[{"embeddable":true,"href":"https:\/\/eldiariodesanpedro.com.ar\/sitio\/wp-json\/wp\/v2\/media\/56056"}],"wp:attachment":[{"href":"https:\/\/eldiariodesanpedro.com.ar\/sitio\/wp-json\/wp\/v2\/media?parent=56053"}],"wp:term":[{"taxonomy":"category","embeddable":true,"href":"https:\/\/eldiariodesanpedro.com.ar\/sitio\/wp-json\/wp\/v2\/categories?post=56053"},{"taxonomy":"post_tag","embeddable":true,"href":"https:\/\/eldiariodesanpedro.com.ar\/sitio\/wp-json\/wp\/v2\/tags?post=56053"}],"curies":[{"name":"wp","href":"https:\/\/api.w.org\/{rel}","templated":true}]}}