{"id":56048,"date":"2019-07-13T12:25:09","date_gmt":"2019-07-13T15:25:09","guid":{"rendered":"https:\/\/eldiariodesanpedro.com.ar\/sitio\/?p=56048"},"modified":"2019-07-13T12:25:13","modified_gmt":"2019-07-13T15:25:13","slug":"zarate-ranking-de-las-denuncias-mas-habituales-de-los-usuarios-de-colectivos","status":"publish","type":"post","link":"https:\/\/eldiariodesanpedro.com.ar\/sitio\/zarate-ranking-de-las-denuncias-mas-habituales-de-los-usuarios-de-colectivos\/","title":{"rendered":"ZARATE: R\u00e1nking de las denuncias m\u00e1s habituales de los usuarios de colectivos"},"content":{"rendered":"<!-- VideographyWP Plugin Message: Automatic video embedding prevented by plugin options. -->\n\n<p>No respetar la parada, falta de frecuencia, conducir de forma imprudente, trato desconsiderado del conductor, y deficiencias mec\u00e1nicas del veh\u00edculo, lideran entre otras faltas el ranking de los mayores reclamos de los usuarios del transporte p\u00fablico de pasajeros de colectivos y combis en el portal de denuncias que habilit\u00f3 la Comisi\u00f3n Nacional de Regulaci\u00f3n del Transporte (CNRT).<\/p>\n\n\n\n<p>Desde que se implement\u00f3 la aplicaci\u00f3n en marzo de este a\u00f1o hasta el momento se registraron m\u00e1s de 9.400 reclamos por medio de la plataforma https:\/\/control.cnrt.gob.ar\/ y a trav\u00e9s de su centro de atenci\u00f3n telef\u00f3nico (0800-333-0300).<\/p>\n\n\n\n<p>El sistema de reclamos funciona a partir de recibida la denuncia enviando una alerta a la empresa notific\u00e1ndola y a la CNRT, para que est\u00e9 al tanto del reclamo. Si en 30 d\u00edas la empresa no lo resuelve de manera satisfactoria, se emite una nueva alerta autom\u00e1tica en donde la CNRT contin\u00faa el proceso en segunda instancia para sancionar a la empresa.<\/p>\n\n\n\n<p>Del total, el 78% est\u00e1 finalizada, es decir que llegaron a la instancia de la multa econ\u00f3mica, concluyeron por falta de documentaci\u00f3n o por contener informaci\u00f3n err\u00f3nea. Por otra parte, el 22% est\u00e1 en tr\u00e1mite.<\/p>\n\n\n\n<p><strong><em>Ranking de denuncias<\/em><\/strong><\/p>\n\n\n\n<p>1. No respetar la parada<\/p>\n\n\n\n<p>2. Falta de frecuencia (art. 86)<\/p>\n\n\n\n<p>3. Conducir en forma imprudente<\/p>\n\n\n\n<p>4. Tratar desconsideradamente<\/p>\n\n\n\n<p>5. Deficiencias mec\u00e1nicas, de carroceria y\/o del servicio<\/p>\n\n\n\n<p>6. No recepcionar las denuncias telef\u00f3nicas<\/p>\n\n\n\n<p>7. Desv\u00edo del recorrido<\/p>\n\n\n\n<p>8. Retrasos en el servicio<\/p>\n\n\n\n<p>9. Conducir a excesiva velocidad<\/p>\n\n\n\n<p>10. Conducir haciendo uso del celular<\/p>\n\n\n\n<p><strong>Fuente:&nbsp;<\/strong>Noticias Z\u00e1rate Alerta&nbsp;<\/p>\n\n\n\n<p><br><\/p>\n","protected":false},"excerpt":{"rendered":"<p>No respetar la parada, falta de frecuencia, conducir de forma imprudente, trato desconsiderado del conductor, y deficiencias mec\u00e1nicas del veh\u00edculo, lideran entre otras faltas el ranking de los mayores reclamos de los usuarios del transporte p\u00fablico de pasajeros de colectivos y combis en el portal de denuncias que habilit\u00f3 la Comisi\u00f3n Nacional de Regulaci\u00f3n del [&hellip;]<\/p>\n","protected":false},"author":4,"featured_media":56049,"comment_status":"open","ping_status":"closed","sticky":false,"template":"","format":"standard","meta":{"om_disable_all_campaigns":false,"_jetpack_memberships_contains_paid_content":false,"footnotes":""},"categories":[621],"tags":[],"class_list":["post-56048","post","type-post","status-publish","format-standard","has-post-thumbnail","hentry","category-regionales"],"aioseo_notices":[],"gutentor_comment":0,"jetpack_featured_media_url":"https:\/\/eldiariodesanpedro.com.ar\/sitio\/wp-content\/uploads\/2019\/07\/IMG_20190422_152053_1-1024x768.jpg","jetpack_shortlink":"https:\/\/wp.me\/p6RhLt-eA0","jetpack_sharing_enabled":true,"_links":{"self":[{"href":"https:\/\/eldiariodesanpedro.com.ar\/sitio\/wp-json\/wp\/v2\/posts\/56048","targetHints":{"allow":["GET"]}}],"collection":[{"href":"https:\/\/eldiariodesanpedro.com.ar\/sitio\/wp-json\/wp\/v2\/posts"}],"about":[{"href":"https:\/\/eldiariodesanpedro.com.ar\/sitio\/wp-json\/wp\/v2\/types\/post"}],"author":[{"embeddable":true,"href":"https:\/\/eldiariodesanpedro.com.ar\/sitio\/wp-json\/wp\/v2\/users\/4"}],"replies":[{"embeddable":true,"href":"https:\/\/eldiariodesanpedro.com.ar\/sitio\/wp-json\/wp\/v2\/comments?post=56048"}],"version-history":[{"count":1,"href":"https:\/\/eldiariodesanpedro.com.ar\/sitio\/wp-json\/wp\/v2\/posts\/56048\/revisions"}],"predecessor-version":[{"id":56050,"href":"https:\/\/eldiariodesanpedro.com.ar\/sitio\/wp-json\/wp\/v2\/posts\/56048\/revisions\/56050"}],"wp:featuredmedia":[{"embeddable":true,"href":"https:\/\/eldiariodesanpedro.com.ar\/sitio\/wp-json\/wp\/v2\/media\/56049"}],"wp:attachment":[{"href":"https:\/\/eldiariodesanpedro.com.ar\/sitio\/wp-json\/wp\/v2\/media?parent=56048"}],"wp:term":[{"taxonomy":"category","embeddable":true,"href":"https:\/\/eldiariodesanpedro.com.ar\/sitio\/wp-json\/wp\/v2\/categories?post=56048"},{"taxonomy":"post_tag","embeddable":true,"href":"https:\/\/eldiariodesanpedro.com.ar\/sitio\/wp-json\/wp\/v2\/tags?post=56048"}],"curies":[{"name":"wp","href":"https:\/\/api.w.org\/{rel}","templated":true}]}}