{"id":56045,"date":"2019-07-13T12:21:07","date_gmt":"2019-07-13T15:21:07","guid":{"rendered":"https:\/\/eldiariodesanpedro.com.ar\/sitio\/?p=56045"},"modified":"2019-07-13T12:21:11","modified_gmt":"2019-07-13T15:21:11","slug":"campana-voluntarios-de-tenaris-comenzaron-a-trabajar-en-la-escuela-tecnica","status":"publish","type":"post","link":"https:\/\/eldiariodesanpedro.com.ar\/sitio\/campana-voluntarios-de-tenaris-comenzaron-a-trabajar-en-la-escuela-tecnica\/","title":{"rendered":"CAMPANA: Voluntarios de Tenaris comenzaron a trabajar en la Escuela T\u00e9cnica"},"content":{"rendered":"<!-- VideographyWP Plugin Message: Automatic video embedding prevented by plugin options. -->\n\n<p> Ser\u00e1n dos d\u00edas intensos, donde se abordar\u00e1n tareas de pintura, electricidad y limpieza. Cerca de 400 personas se inscribieron en esta edici\u00f3n. Ampliaremos.<\/p>\n\n\n\n<p><br><\/p>\n","protected":false},"excerpt":{"rendered":"<p>Ser\u00e1n dos d\u00edas intensos, donde se abordar\u00e1n tareas de pintura, electricidad y limpieza. Cerca de 400 personas se inscribieron en esta edici\u00f3n. Ampliaremos.<\/p>\n","protected":false},"author":4,"featured_media":56046,"comment_status":"open","ping_status":"closed","sticky":false,"template":"","format":"standard","meta":{"om_disable_all_campaigns":false,"_jetpack_memberships_contains_paid_content":false,"footnotes":""},"categories":[621],"tags":[],"class_list":["post-56045","post","type-post","status-publish","format-standard","has-post-thumbnail","hentry","category-regionales"],"aioseo_notices":[],"gutentor_comment":0,"jetpack_featured_media_url":"https:\/\/eldiariodesanpedro.com.ar\/sitio\/wp-content\/uploads\/2019\/07\/20190713113828.jpg","jetpack_shortlink":"https:\/\/wp.me\/p6RhLt-ezX","jetpack_sharing_enabled":true,"_links":{"self":[{"href":"https:\/\/eldiariodesanpedro.com.ar\/sitio\/wp-json\/wp\/v2\/posts\/56045","targetHints":{"allow":["GET"]}}],"collection":[{"href":"https:\/\/eldiariodesanpedro.com.ar\/sitio\/wp-json\/wp\/v2\/posts"}],"about":[{"href":"https:\/\/eldiariodesanpedro.com.ar\/sitio\/wp-json\/wp\/v2\/types\/post"}],"author":[{"embeddable":true,"href":"https:\/\/eldiariodesanpedro.com.ar\/sitio\/wp-json\/wp\/v2\/users\/4"}],"replies":[{"embeddable":true,"href":"https:\/\/eldiariodesanpedro.com.ar\/sitio\/wp-json\/wp\/v2\/comments?post=56045"}],"version-history":[{"count":1,"href":"https:\/\/eldiariodesanpedro.com.ar\/sitio\/wp-json\/wp\/v2\/posts\/56045\/revisions"}],"predecessor-version":[{"id":56047,"href":"https:\/\/eldiariodesanpedro.com.ar\/sitio\/wp-json\/wp\/v2\/posts\/56045\/revisions\/56047"}],"wp:featuredmedia":[{"embeddable":true,"href":"https:\/\/eldiariodesanpedro.com.ar\/sitio\/wp-json\/wp\/v2\/media\/56046"}],"wp:attachment":[{"href":"https:\/\/eldiariodesanpedro.com.ar\/sitio\/wp-json\/wp\/v2\/media?parent=56045"}],"wp:term":[{"taxonomy":"category","embeddable":true,"href":"https:\/\/eldiariodesanpedro.com.ar\/sitio\/wp-json\/wp\/v2\/categories?post=56045"},{"taxonomy":"post_tag","embeddable":true,"href":"https:\/\/eldiariodesanpedro.com.ar\/sitio\/wp-json\/wp\/v2\/tags?post=56045"}],"curies":[{"name":"wp","href":"https:\/\/api.w.org\/{rel}","templated":true}]}}