{"id":56042,"date":"2019-07-13T12:18:45","date_gmt":"2019-07-13T15:18:45","guid":{"rendered":"https:\/\/eldiariodesanpedro.com.ar\/sitio\/?p=56042"},"modified":"2019-07-13T12:18:46","modified_gmt":"2019-07-13T15:18:46","slug":"campana-el-museo-ferroviario-celebra-este-domingo-su-25o-aniversario","status":"publish","type":"post","link":"https:\/\/eldiariodesanpedro.com.ar\/sitio\/campana-el-museo-ferroviario-celebra-este-domingo-su-25o-aniversario\/","title":{"rendered":"CAMPANA: El Museo Ferroviario celebra este domingo su 25\u00ba aniversario"},"content":{"rendered":"<!-- VideographyWP Plugin Message: Automatic video embedding prevented by plugin options. -->\n\n<p> Ser\u00e1 con una gran fiesta en la Plazoleta Manuel Belgrano de 12 a 22 hs. Habr\u00e1 shows en vivo, food trucks, feria de emprendedoras y juegos inflables. <\/p>\n\n\n\n<p>\n\nEl Museo Ferroviario \u00abV\u00edctor Luis Capusso\u00bb cumple 25 a\u00f1os de vida y lo celebrar\u00e1 con toda la comunidad campanense el domingo 14 en la plazoleta Manuel Belgrano.<\/p>\n\n\n\n<p>Ser\u00e1 una gran fiesta de 12 a 22 organizada por la Secretar\u00eda de Producci\u00f3n, Turismo y Empleo del Municipio que contar\u00e1 con una agenda repleta de actividades para disfrutar en familia.<\/p>\n\n\n\n<p>Habr\u00e1 shows y m\u00fasica en vivo, food trucks, feria de emprendedoras y juegos inflables.<\/p>\n\n\n\n<p>Tambi\u00e9n se espera la actuaci\u00f3n de la Banda Municipal y habr\u00e1 un espacio art\u00edsticos \u2013 cultural donde chicos y grandes podr\u00e1n realizar actividades alusivas a la fecha.<\/p>\n\n\n\n<p>Otra de las razones para disfrutar de este festejo ser\u00e1 la instalaci\u00f3n de un domo de 360\u00ba en el que se proyectar\u00e1n videos relacionados con el universo, el medio ambiente y los dinosaurios.<\/p>\n\n\n\n<p>La celebraci\u00f3n contar\u00e1 adem\u00e1s con un momento m\u00e1s que especial porque se reconocer\u00e1 a quienes colaboraron con la creaci\u00f3n del Museo como Danilo Canci, Nereyda G\u00f3mez Sparnochia, Renee Colombo y V\u00edctor Luis Capusso (hijo).<\/p>\n\n\n\n<p>Durante el evento, habr\u00e1 un veh\u00edculo que saldr\u00e1 desde la plazoleta para que las familias puedan visitar el Museo Ferroviario.<\/p>\n\n\n\n<p>En caso de lluvia, la celebraci\u00f3n se reprogramar\u00e1 para el domingo 21.\n\n<\/p>\n","protected":false},"excerpt":{"rendered":"<p>Ser\u00e1 con una gran fiesta en la Plazoleta Manuel Belgrano de 12 a 22 hs. Habr\u00e1 shows en vivo, food trucks, feria de emprendedoras y juegos inflables. El Museo Ferroviario \u00abV\u00edctor Luis Capusso\u00bb cumple 25 a\u00f1os de vida y lo celebrar\u00e1 con toda la comunidad campanense el domingo 14 en la plazoleta Manuel Belgrano. Ser\u00e1 [&hellip;]<\/p>\n","protected":false},"author":4,"featured_media":56043,"comment_status":"open","ping_status":"closed","sticky":false,"template":"","format":"standard","meta":{"om_disable_all_campaigns":false,"_jetpack_memberships_contains_paid_content":false,"footnotes":""},"categories":[621],"tags":[],"class_list":["post-56042","post","type-post","status-publish","format-standard","has-post-thumbnail","hentry","category-regionales"],"aioseo_notices":[],"gutentor_comment":0,"jetpack_featured_media_url":"https:\/\/eldiariodesanpedro.com.ar\/sitio\/wp-content\/uploads\/2019\/07\/20190711053027.jpg","jetpack_shortlink":"https:\/\/wp.me\/p6RhLt-ezU","jetpack_sharing_enabled":true,"_links":{"self":[{"href":"https:\/\/eldiariodesanpedro.com.ar\/sitio\/wp-json\/wp\/v2\/posts\/56042","targetHints":{"allow":["GET"]}}],"collection":[{"href":"https:\/\/eldiariodesanpedro.com.ar\/sitio\/wp-json\/wp\/v2\/posts"}],"about":[{"href":"https:\/\/eldiariodesanpedro.com.ar\/sitio\/wp-json\/wp\/v2\/types\/post"}],"author":[{"embeddable":true,"href":"https:\/\/eldiariodesanpedro.com.ar\/sitio\/wp-json\/wp\/v2\/users\/4"}],"replies":[{"embeddable":true,"href":"https:\/\/eldiariodesanpedro.com.ar\/sitio\/wp-json\/wp\/v2\/comments?post=56042"}],"version-history":[{"count":1,"href":"https:\/\/eldiariodesanpedro.com.ar\/sitio\/wp-json\/wp\/v2\/posts\/56042\/revisions"}],"predecessor-version":[{"id":56044,"href":"https:\/\/eldiariodesanpedro.com.ar\/sitio\/wp-json\/wp\/v2\/posts\/56042\/revisions\/56044"}],"wp:featuredmedia":[{"embeddable":true,"href":"https:\/\/eldiariodesanpedro.com.ar\/sitio\/wp-json\/wp\/v2\/media\/56043"}],"wp:attachment":[{"href":"https:\/\/eldiariodesanpedro.com.ar\/sitio\/wp-json\/wp\/v2\/media?parent=56042"}],"wp:term":[{"taxonomy":"category","embeddable":true,"href":"https:\/\/eldiariodesanpedro.com.ar\/sitio\/wp-json\/wp\/v2\/categories?post=56042"},{"taxonomy":"post_tag","embeddable":true,"href":"https:\/\/eldiariodesanpedro.com.ar\/sitio\/wp-json\/wp\/v2\/tags?post=56042"}],"curies":[{"name":"wp","href":"https:\/\/api.w.org\/{rel}","templated":true}]}}