{"id":56040,"date":"2019-07-13T12:12:00","date_gmt":"2019-07-13T15:12:00","guid":{"rendered":"https:\/\/eldiariodesanpedro.com.ar\/sitio\/?p=56040"},"modified":"2019-07-13T12:12:04","modified_gmt":"2019-07-13T15:12:04","slug":"heridos-con-arma-blanca-tras-pelea-vecinal","status":"publish","type":"post","link":"https:\/\/eldiariodesanpedro.com.ar\/sitio\/heridos-con-arma-blanca-tras-pelea-vecinal\/","title":{"rendered":"Heridos con arma blanca tras pelea vecinal"},"content":{"rendered":"<!-- VideographyWP Plugin Message: Automatic video embedding prevented by plugin options. -->\n\n<p>Se toma conocimiento del hecho al ingresar un ciudadano de 46 a\u00f1os de edad, al nosocomio local con una herida cortante en su abdomen, siendo intervenido quirurgicamente de urgencia. Interviniendo personal policial se constata en el domicilio del herido otro familiar lastimado, aprehendiendo luego al vecino agresor.<\/p>\n\n\n\n<p>El hecho sucedi\u00f3 este viernes por la noche, un ciudadano junto a su yerno se encontraban en un domicilio de calle Batalla el Tala 0, cuando por causas que se desconocen tienen una pelea con su vecino de 42.<\/p>\n\n\n\n<p>Como consecuencia los primeros mencionados terminan lastimados con un arma blanca, uno herido en la parte superior del abdomen, siendo intervenido quirurgicamente y el otro,  herido en el flaco derecho, sin riesgo de vida.<\/p>\n\n\n\n<p>Constatando el episodio personal policial procedi\u00f3 a la aprehensi\u00f3n del vecino un sujeto de 42, quien ser\u00eda el agresor.<\/p>\n\n\n\n<p>Interviene la Fiscalia N\u00ba5.<\/p>\n","protected":false},"excerpt":{"rendered":"<p>Se toma conocimiento del hecho al ingresar un ciudadano de 46 a\u00f1os de edad, al nosocomio local con una herida cortante en su abdomen, siendo intervenido quirurgicamente de urgencia. Interviniendo personal policial se constata en el domicilio del herido otro familiar lastimado, aprehendiendo luego al vecino agresor. El hecho sucedi\u00f3 este viernes por la noche, [&hellip;]<\/p>\n","protected":false},"author":4,"featured_media":27202,"comment_status":"open","ping_status":"closed","sticky":false,"template":"","format":"standard","meta":{"om_disable_all_campaigns":false,"_jetpack_memberships_contains_paid_content":false,"footnotes":""},"categories":[2,103],"tags":[],"class_list":["post-56040","post","type-post","status-publish","format-standard","has-post-thumbnail","hentry","category-locales","category-policiales-locales"],"aioseo_notices":[],"gutentor_comment":0,"jetpack_featured_media_url":"https:\/\/eldiariodesanpedro.com.ar\/sitio\/wp-content\/uploads\/2017\/12\/ambulancia-same-provincia.jpg","jetpack_shortlink":"https:\/\/wp.me\/p6RhLt-ezS","jetpack_sharing_enabled":true,"_links":{"self":[{"href":"https:\/\/eldiariodesanpedro.com.ar\/sitio\/wp-json\/wp\/v2\/posts\/56040","targetHints":{"allow":["GET"]}}],"collection":[{"href":"https:\/\/eldiariodesanpedro.com.ar\/sitio\/wp-json\/wp\/v2\/posts"}],"about":[{"href":"https:\/\/eldiariodesanpedro.com.ar\/sitio\/wp-json\/wp\/v2\/types\/post"}],"author":[{"embeddable":true,"href":"https:\/\/eldiariodesanpedro.com.ar\/sitio\/wp-json\/wp\/v2\/users\/4"}],"replies":[{"embeddable":true,"href":"https:\/\/eldiariodesanpedro.com.ar\/sitio\/wp-json\/wp\/v2\/comments?post=56040"}],"version-history":[{"count":1,"href":"https:\/\/eldiariodesanpedro.com.ar\/sitio\/wp-json\/wp\/v2\/posts\/56040\/revisions"}],"predecessor-version":[{"id":56041,"href":"https:\/\/eldiariodesanpedro.com.ar\/sitio\/wp-json\/wp\/v2\/posts\/56040\/revisions\/56041"}],"wp:featuredmedia":[{"embeddable":true,"href":"https:\/\/eldiariodesanpedro.com.ar\/sitio\/wp-json\/wp\/v2\/media\/27202"}],"wp:attachment":[{"href":"https:\/\/eldiariodesanpedro.com.ar\/sitio\/wp-json\/wp\/v2\/media?parent=56040"}],"wp:term":[{"taxonomy":"category","embeddable":true,"href":"https:\/\/eldiariodesanpedro.com.ar\/sitio\/wp-json\/wp\/v2\/categories?post=56040"},{"taxonomy":"post_tag","embeddable":true,"href":"https:\/\/eldiariodesanpedro.com.ar\/sitio\/wp-json\/wp\/v2\/tags?post=56040"}],"curies":[{"name":"wp","href":"https:\/\/api.w.org\/{rel}","templated":true}]}}